{"id":2640,"date":"2025-11-27T20:10:22","date_gmt":"2025-11-27T19:10:22","guid":{"rendered":"https:\/\/www.pspo.edu.pl\/liceum\/zapraszamy-na-koncert\/"},"modified":"2025-11-27T20:10:22","modified_gmt":"2025-11-27T19:10:22","slug":"zapraszamy-na-koncert","status":"publish","type":"post","link":"https:\/\/www.pspo.edu.pl\/liceum\/zapraszamy-na-koncert\/","title":{"rendered":"Zapraszamy na koncert"},"content":{"rendered":"<p><a href=\"https:\/\/www.pspo.edu.pl\/podstawowka\/wp-content\/uploads\/sites\/4\/2025\/11\/1764270534606.jpg\"><img decoding=\"async\" class=\"aligncenter size-medium wp-image-4354\" src=\"https:\/\/www.pspo.edu.pl\/podstawowka\/wp-content\/uploads\/sites\/4\/2025\/11\/1764270534606-209x300.jpg\" alt=\"\" width=\"209\" height=\"300\" \/><\/a><\/p>\n<!-- AddThis Advanced Settings generic via filter on the_content --><!-- AddThis Share Buttons generic via filter on the_content -->","protected":false},"excerpt":{"rendered":"<p><!-- AddThis Advanced Settings generic via filter on get_the_excerpt --><!-- AddThis Share Buttons generic via filter on get_the_excerpt --><\/p>\n","protected":false},"author":14,"featured_media":2641,"comment_status":"closed","ping_status":"open","sticky":false,"template":"","format":"standard","meta":{"inline_featured_image":false,"ngg_post_thumbnail":0,"footnotes":""},"categories":[1],"tags":[],"class_list":["post-2640","post","type-post","status-publish","format-standard","has-post-thumbnail","hentry","category-bez-kategorii"],"yoast_head":"<!-- This site is optimized with the Yoast SEO plugin v27.4 - https:\/\/yoast.com\/product\/yoast-seo-wordpress\/ -->\n<title>Zapraszamy na koncert - LON<\/title>\n<meta name=\"robots\" content=\"index, follow, max-snippet:-1, max-image-preview:large, max-video-preview:-1\" \/>\n<link rel=\"canonical\" href=\"https:\/\/www.pspo.edu.pl\/liceum\/zapraszamy-na-koncert\/\" \/>\n<meta property=\"og:locale\" content=\"pl_PL\" \/>\n<meta property=\"og:type\" content=\"article\" \/>\n<meta property=\"og:title\" content=\"Zapraszamy na koncert - LON\" \/>\n<meta property=\"og:url\" content=\"https:\/\/www.pspo.edu.pl\/liceum\/zapraszamy-na-koncert\/\" \/>\n<meta property=\"og:site_name\" content=\"LON\" \/>\n<meta property=\"article:published_time\" content=\"2025-11-27T19:10:22+00:00\" \/>\n<meta property=\"og:image\" content=\"https:\/\/www.pspo.edu.pl\/liceum\/wp-content\/uploads\/sites\/5\/2025\/11\/1764270991163.jpg\" \/>\n\t<meta property=\"og:image:width\" content=\"937\" \/>\n\t<meta property=\"og:image:height\" content=\"511\" \/>\n\t<meta property=\"og:image:type\" content=\"image\/jpeg\" \/>\n<meta name=\"author\" content=\"edytorssp\" \/>\n<meta name=\"twitter:card\" content=\"summary_large_image\" \/>\n<meta name=\"twitter:label1\" content=\"Napisane przez\" \/>\n\t<meta name=\"twitter:data1\" content=\"edytorssp\" \/>\n<script type=\"application\/ld+json\" class=\"yoast-schema-graph\">{\"@context\":\"https:\\\/\\\/schema.org\",\"@graph\":[{\"@type\":\"Article\",\"@id\":\"https:\\\/\\\/www.pspo.edu.pl\\\/liceum\\\/zapraszamy-na-koncert\\\/#article\",\"isPartOf\":{\"@id\":\"https:\\\/\\\/www.pspo.edu.pl\\\/liceum\\\/zapraszamy-na-koncert\\\/\"},\"author\":{\"name\":\"edytorssp\",\"@id\":\"https:\\\/\\\/www.pspo.edu.pl\\\/liceum\\\/#\\\/schema\\\/person\\\/b8896595c03b23b380b056f3c47b2a5e\"},\"headline\":\"Zapraszamy na koncert\",\"datePublished\":\"2025-11-27T19:10:22+00:00\",\"mainEntityOfPage\":{\"@id\":\"https:\\\/\\\/www.pspo.edu.pl\\\/liceum\\\/zapraszamy-na-koncert\\\/\"},\"wordCount\":3,\"publisher\":{\"@id\":\"https:\\\/\\\/www.pspo.edu.pl\\\/liceum\\\/#organization\"},\"image\":{\"@id\":\"https:\\\/\\\/www.pspo.edu.pl\\\/liceum\\\/zapraszamy-na-koncert\\\/#primaryimage\"},\"thumbnailUrl\":\"https:\\\/\\\/www.pspo.edu.pl\\\/liceum\\\/wp-content\\\/uploads\\\/sites\\\/5\\\/2025\\\/11\\\/1764270991163.jpg\",\"inLanguage\":\"pl-PL\"},{\"@type\":\"WebPage\",\"@id\":\"https:\\\/\\\/www.pspo.edu.pl\\\/liceum\\\/zapraszamy-na-koncert\\\/\",\"url\":\"https:\\\/\\\/www.pspo.edu.pl\\\/liceum\\\/zapraszamy-na-koncert\\\/\",\"name\":\"Zapraszamy na koncert - LON\",\"isPartOf\":{\"@id\":\"https:\\\/\\\/www.pspo.edu.pl\\\/liceum\\\/#website\"},\"primaryImageOfPage\":{\"@id\":\"https:\\\/\\\/www.pspo.edu.pl\\\/liceum\\\/zapraszamy-na-koncert\\\/#primaryimage\"},\"image\":{\"@id\":\"https:\\\/\\\/www.pspo.edu.pl\\\/liceum\\\/zapraszamy-na-koncert\\\/#primaryimage\"},\"thumbnailUrl\":\"https:\\\/\\\/www.pspo.edu.pl\\\/liceum\\\/wp-content\\\/uploads\\\/sites\\\/5\\\/2025\\\/11\\\/1764270991163.jpg\",\"datePublished\":\"2025-11-27T19:10:22+00:00\",\"breadcrumb\":{\"@id\":\"https:\\\/\\\/www.pspo.edu.pl\\\/liceum\\\/zapraszamy-na-koncert\\\/#breadcrumb\"},\"inLanguage\":\"pl-PL\",\"potentialAction\":[{\"@type\":\"ReadAction\",\"target\":[\"https:\\\/\\\/www.pspo.edu.pl\\\/liceum\\\/zapraszamy-na-koncert\\\/\"]}]},{\"@type\":\"ImageObject\",\"inLanguage\":\"pl-PL\",\"@id\":\"https:\\\/\\\/www.pspo.edu.pl\\\/liceum\\\/zapraszamy-na-koncert\\\/#primaryimage\",\"url\":\"https:\\\/\\\/www.pspo.edu.pl\\\/liceum\\\/wp-content\\\/uploads\\\/sites\\\/5\\\/2025\\\/11\\\/1764270991163.jpg\",\"contentUrl\":\"https:\\\/\\\/www.pspo.edu.pl\\\/liceum\\\/wp-content\\\/uploads\\\/sites\\\/5\\\/2025\\\/11\\\/1764270991163.jpg\",\"width\":937,\"height\":511},{\"@type\":\"BreadcrumbList\",\"@id\":\"https:\\\/\\\/www.pspo.edu.pl\\\/liceum\\\/zapraszamy-na-koncert\\\/#breadcrumb\",\"itemListElement\":[{\"@type\":\"ListItem\",\"position\":1,\"name\":\"Strona g\u0142\u00f3wna\",\"item\":\"https:\\\/\\\/www.pspo.edu.pl\\\/liceum\\\/\"},{\"@type\":\"ListItem\",\"position\":2,\"name\":\"Zapraszamy na koncert\"}]},{\"@type\":\"WebSite\",\"@id\":\"https:\\\/\\\/www.pspo.edu.pl\\\/liceum\\\/#website\",\"url\":\"https:\\\/\\\/www.pspo.edu.pl\\\/liceum\\\/\",\"name\":\"Liceum Og\u00f3lnokszta\u0142c\u0105ce Niepubliczne nr 43\",\"description\":\"Liceum Og\u00f3lnokszta\u0142c\u0105ce Niepubliczne nr 43\",\"publisher\":{\"@id\":\"https:\\\/\\\/www.pspo.edu.pl\\\/liceum\\\/#organization\"},\"alternateName\":\"LON\",\"potentialAction\":[{\"@type\":\"SearchAction\",\"target\":{\"@type\":\"EntryPoint\",\"urlTemplate\":\"https:\\\/\\\/www.pspo.edu.pl\\\/liceum\\\/?s={search_term_string}\"},\"query-input\":{\"@type\":\"PropertyValueSpecification\",\"valueRequired\":true,\"valueName\":\"search_term_string\"}}],\"inLanguage\":\"pl-PL\"},{\"@type\":\"Organization\",\"@id\":\"https:\\\/\\\/www.pspo.edu.pl\\\/liceum\\\/#organization\",\"name\":\"Liceum Og\u00f3lnokszta\u0142c\u0105ce Niepubliczne nr 43\",\"alternateName\":\"LON\",\"url\":\"https:\\\/\\\/www.pspo.edu.pl\\\/liceum\\\/\",\"logo\":{\"@type\":\"ImageObject\",\"inLanguage\":\"pl-PL\",\"@id\":\"https:\\\/\\\/www.pspo.edu.pl\\\/liceum\\\/#\\\/schema\\\/logo\\\/image\\\/\",\"url\":\"https:\\\/\\\/www.pspo.edu.pl\\\/liceum\\\/wp-content\\\/uploads\\\/sites\\\/5\\\/2022\\\/07\\\/cropped-logo.png\",\"contentUrl\":\"https:\\\/\\\/www.pspo.edu.pl\\\/liceum\\\/wp-content\\\/uploads\\\/sites\\\/5\\\/2022\\\/07\\\/cropped-logo.png\",\"width\":512,\"height\":512,\"caption\":\"Liceum Og\u00f3lnokszta\u0142c\u0105ce Niepubliczne nr 43\"},\"image\":{\"@id\":\"https:\\\/\\\/www.pspo.edu.pl\\\/liceum\\\/#\\\/schema\\\/logo\\\/image\\\/\"}},{\"@type\":\"Person\",\"@id\":\"https:\\\/\\\/www.pspo.edu.pl\\\/liceum\\\/#\\\/schema\\\/person\\\/b8896595c03b23b380b056f3c47b2a5e\",\"name\":\"edytorssp\",\"image\":{\"@type\":\"ImageObject\",\"inLanguage\":\"pl-PL\",\"@id\":\"https:\\\/\\\/www.pspo.edu.pl\\\/liceum\\\/wp-content\\\/litespeed\\\/avatar\\\/5\\\/c31316028e96e32aa97cc8dd769623c7.jpg?ver=1777328301\",\"url\":\"https:\\\/\\\/www.pspo.edu.pl\\\/liceum\\\/wp-content\\\/litespeed\\\/avatar\\\/5\\\/c31316028e96e32aa97cc8dd769623c7.jpg?ver=1777328301\",\"contentUrl\":\"https:\\\/\\\/www.pspo.edu.pl\\\/liceum\\\/wp-content\\\/litespeed\\\/avatar\\\/5\\\/c31316028e96e32aa97cc8dd769623c7.jpg?ver=1777328301\",\"caption\":\"edytorssp\"},\"url\":\"https:\\\/\\\/www.pspo.edu.pl\\\/liceum\\\/author\\\/edytorssp\\\/\"}]}<\/script>\n<!-- \/ Yoast SEO plugin. -->","yoast_head_json":{"title":"Zapraszamy na koncert - LON","robots":{"index":"index","follow":"follow","max-snippet":"max-snippet:-1","max-image-preview":"max-image-preview:large","max-video-preview":"max-video-preview:-1"},"canonical":"https:\/\/www.pspo.edu.pl\/liceum\/zapraszamy-na-koncert\/","og_locale":"pl_PL","og_type":"article","og_title":"Zapraszamy na koncert - LON","og_url":"https:\/\/www.pspo.edu.pl\/liceum\/zapraszamy-na-koncert\/","og_site_name":"LON","article_published_time":"2025-11-27T19:10:22+00:00","og_image":[{"width":937,"height":511,"url":"https:\/\/www.pspo.edu.pl\/liceum\/wp-content\/uploads\/sites\/5\/2025\/11\/1764270991163.jpg","type":"image\/jpeg"}],"author":"edytorssp","twitter_card":"summary_large_image","twitter_misc":{"Napisane przez":"edytorssp"},"schema":{"@context":"https:\/\/schema.org","@graph":[{"@type":"Article","@id":"https:\/\/www.pspo.edu.pl\/liceum\/zapraszamy-na-koncert\/#article","isPartOf":{"@id":"https:\/\/www.pspo.edu.pl\/liceum\/zapraszamy-na-koncert\/"},"author":{"name":"edytorssp","@id":"https:\/\/www.pspo.edu.pl\/liceum\/#\/schema\/person\/b8896595c03b23b380b056f3c47b2a5e"},"headline":"Zapraszamy na koncert","datePublished":"2025-11-27T19:10:22+00:00","mainEntityOfPage":{"@id":"https:\/\/www.pspo.edu.pl\/liceum\/zapraszamy-na-koncert\/"},"wordCount":3,"publisher":{"@id":"https:\/\/www.pspo.edu.pl\/liceum\/#organization"},"image":{"@id":"https:\/\/www.pspo.edu.pl\/liceum\/zapraszamy-na-koncert\/#primaryimage"},"thumbnailUrl":"https:\/\/www.pspo.edu.pl\/liceum\/wp-content\/uploads\/sites\/5\/2025\/11\/1764270991163.jpg","inLanguage":"pl-PL"},{"@type":"WebPage","@id":"https:\/\/www.pspo.edu.pl\/liceum\/zapraszamy-na-koncert\/","url":"https:\/\/www.pspo.edu.pl\/liceum\/zapraszamy-na-koncert\/","name":"Zapraszamy na koncert - LON","isPartOf":{"@id":"https:\/\/www.pspo.edu.pl\/liceum\/#website"},"primaryImageOfPage":{"@id":"https:\/\/www.pspo.edu.pl\/liceum\/zapraszamy-na-koncert\/#primaryimage"},"image":{"@id":"https:\/\/www.pspo.edu.pl\/liceum\/zapraszamy-na-koncert\/#primaryimage"},"thumbnailUrl":"https:\/\/www.pspo.edu.pl\/liceum\/wp-content\/uploads\/sites\/5\/2025\/11\/1764270991163.jpg","datePublished":"2025-11-27T19:10:22+00:00","breadcrumb":{"@id":"https:\/\/www.pspo.edu.pl\/liceum\/zapraszamy-na-koncert\/#breadcrumb"},"inLanguage":"pl-PL","potentialAction":[{"@type":"ReadAction","target":["https:\/\/www.pspo.edu.pl\/liceum\/zapraszamy-na-koncert\/"]}]},{"@type":"ImageObject","inLanguage":"pl-PL","@id":"https:\/\/www.pspo.edu.pl\/liceum\/zapraszamy-na-koncert\/#primaryimage","url":"https:\/\/www.pspo.edu.pl\/liceum\/wp-content\/uploads\/sites\/5\/2025\/11\/1764270991163.jpg","contentUrl":"https:\/\/www.pspo.edu.pl\/liceum\/wp-content\/uploads\/sites\/5\/2025\/11\/1764270991163.jpg","width":937,"height":511},{"@type":"BreadcrumbList","@id":"https:\/\/www.pspo.edu.pl\/liceum\/zapraszamy-na-koncert\/#breadcrumb","itemListElement":[{"@type":"ListItem","position":1,"name":"Strona g\u0142\u00f3wna","item":"https:\/\/www.pspo.edu.pl\/liceum\/"},{"@type":"ListItem","position":2,"name":"Zapraszamy na koncert"}]},{"@type":"WebSite","@id":"https:\/\/www.pspo.edu.pl\/liceum\/#website","url":"https:\/\/www.pspo.edu.pl\/liceum\/","name":"Liceum Og\u00f3lnokszta\u0142c\u0105ce Niepubliczne nr 43","description":"Liceum Og\u00f3lnokszta\u0142c\u0105ce Niepubliczne nr 43","publisher":{"@id":"https:\/\/www.pspo.edu.pl\/liceum\/#organization"},"alternateName":"LON","potentialAction":[{"@type":"SearchAction","target":{"@type":"EntryPoint","urlTemplate":"https:\/\/www.pspo.edu.pl\/liceum\/?s={search_term_string}"},"query-input":{"@type":"PropertyValueSpecification","valueRequired":true,"valueName":"search_term_string"}}],"inLanguage":"pl-PL"},{"@type":"Organization","@id":"https:\/\/www.pspo.edu.pl\/liceum\/#organization","name":"Liceum Og\u00f3lnokszta\u0142c\u0105ce Niepubliczne nr 43","alternateName":"LON","url":"https:\/\/www.pspo.edu.pl\/liceum\/","logo":{"@type":"ImageObject","inLanguage":"pl-PL","@id":"https:\/\/www.pspo.edu.pl\/liceum\/#\/schema\/logo\/image\/","url":"https:\/\/www.pspo.edu.pl\/liceum\/wp-content\/uploads\/sites\/5\/2022\/07\/cropped-logo.png","contentUrl":"https:\/\/www.pspo.edu.pl\/liceum\/wp-content\/uploads\/sites\/5\/2022\/07\/cropped-logo.png","width":512,"height":512,"caption":"Liceum Og\u00f3lnokszta\u0142c\u0105ce Niepubliczne nr 43"},"image":{"@id":"https:\/\/www.pspo.edu.pl\/liceum\/#\/schema\/logo\/image\/"}},{"@type":"Person","@id":"https:\/\/www.pspo.edu.pl\/liceum\/#\/schema\/person\/b8896595c03b23b380b056f3c47b2a5e","name":"edytorssp","image":{"@type":"ImageObject","inLanguage":"pl-PL","@id":"https:\/\/www.pspo.edu.pl\/liceum\/wp-content\/litespeed\/avatar\/5\/c31316028e96e32aa97cc8dd769623c7.jpg?ver=1777328301","url":"https:\/\/www.pspo.edu.pl\/liceum\/wp-content\/litespeed\/avatar\/5\/c31316028e96e32aa97cc8dd769623c7.jpg?ver=1777328301","contentUrl":"https:\/\/www.pspo.edu.pl\/liceum\/wp-content\/litespeed\/avatar\/5\/c31316028e96e32aa97cc8dd769623c7.jpg?ver=1777328301","caption":"edytorssp"},"url":"https:\/\/www.pspo.edu.pl\/liceum\/author\/edytorssp\/"}]}},"_links":{"self":[{"href":"https:\/\/www.pspo.edu.pl\/liceum\/wp-json\/wp\/v2\/posts\/2640","targetHints":{"allow":["GET"]}}],"collection":[{"href":"https:\/\/www.pspo.edu.pl\/liceum\/wp-json\/wp\/v2\/posts"}],"about":[{"href":"https:\/\/www.pspo.edu.pl\/liceum\/wp-json\/wp\/v2\/types\/post"}],"author":[{"embeddable":true,"href":"https:\/\/www.pspo.edu.pl\/liceum\/wp-json\/wp\/v2\/users\/14"}],"replies":[{"embeddable":true,"href":"https:\/\/www.pspo.edu.pl\/liceum\/wp-json\/wp\/v2\/comments?post=2640"}],"version-history":[{"count":0,"href":"https:\/\/www.pspo.edu.pl\/liceum\/wp-json\/wp\/v2\/posts\/2640\/revisions"}],"wp:featuredmedia":[{"embeddable":true,"href":"https:\/\/www.pspo.edu.pl\/liceum\/wp-json\/wp\/v2\/media\/2641"}],"wp:attachment":[{"href":"https:\/\/www.pspo.edu.pl\/liceum\/wp-json\/wp\/v2\/media?parent=2640"}],"wp:term":[{"taxonomy":"category","embeddable":true,"href":"https:\/\/www.pspo.edu.pl\/liceum\/wp-json\/wp\/v2\/categories?post=2640"},{"taxonomy":"post_tag","embeddable":true,"href":"https:\/\/www.pspo.edu.pl\/liceum\/wp-json\/wp\/v2\/tags?post=2640"}],"curies":[{"name":"wp","href":"https:\/\/api.w.org\/{rel}","templated":true}]}}