{"id":4792,"date":"2026-08-27T11:08:22","date_gmt":"2026-08-27T09:08:22","guid":{"rendered":"https:\/\/www.pspo.edu.pl\/podstawowka\/?p=4792"},"modified":"2026-08-27T11:08:22","modified_gmt":"2026-08-27T09:08:22","slug":"zebranie-rodzicow-klas-7-i-8-juz-2-wrzesnia","status":"publish","type":"post","link":"https:\/\/www.pspo.edu.pl\/podstawowka\/zebranie-rodzicow-klas-7-i-8-juz-2-wrzesnia\/","title":{"rendered":"Zebranie rodzic\u00f3w klas 7 i 8 &#8211; ju\u017c 2 wrze\u015bnia!"},"content":{"rendered":"<p><a href=\"https:\/\/www.pspo.edu.pl\/podstawowka\/wp-content\/uploads\/sites\/4\/2026\/08\/Pierwsze-zebranie.jpg\"><img decoding=\"async\" class=\"aligncenter size-medium wp-image-4793\" src=\"https:\/\/www.pspo.edu.pl\/podstawowka\/wp-content\/uploads\/sites\/4\/2026\/08\/Pierwsze-zebranie-300x300.jpg\" alt=\"\" width=\"300\" height=\"300\" srcset=\"https:\/\/www.pspo.edu.pl\/podstawowka\/wp-content\/uploads\/sites\/4\/2026\/08\/Pierwsze-zebranie-300x300.jpg 300w, https:\/\/www.pspo.edu.pl\/podstawowka\/wp-content\/uploads\/sites\/4\/2026\/08\/Pierwsze-zebranie-1024x1024.jpg 1024w, https:\/\/www.pspo.edu.pl\/podstawowka\/wp-content\/uploads\/sites\/4\/2026\/08\/Pierwsze-zebranie-150x150.jpg 150w, https:\/\/www.pspo.edu.pl\/podstawowka\/wp-content\/uploads\/sites\/4\/2026\/08\/Pierwsze-zebranie-768x768.jpg 768w, https:\/\/www.pspo.edu.pl\/podstawowka\/wp-content\/uploads\/sites\/4\/2026\/08\/Pierwsze-zebranie.jpg 1080w\" sizes=\"(max-width: 300px) 100vw, 300px\" \/><\/a><\/p>\n<!-- AddThis Advanced Settings generic via filter on the_content --><!-- AddThis Share Buttons generic via filter on the_content -->","protected":false},"excerpt":{"rendered":"<p><!-- AddThis Advanced Settings generic via filter on get_the_excerpt --><!-- AddThis Share Buttons generic via filter on get_the_excerpt --><\/p>\n","protected":false},"author":14,"featured_media":4793,"comment_status":"closed","ping_status":"open","sticky":false,"template":"","format":"standard","meta":{"inline_featured_image":false,"ngg_post_thumbnail":0,"footnotes":""},"categories":[1],"tags":[],"class_list":["post-4792","post","type-post","status-publish","format-standard","has-post-thumbnail","hentry","category-bez-kategorii"],"yoast_head":"<!-- This site is optimized with the Yoast SEO plugin v28.1 - https:\/\/yoast.com\/product\/yoast-seo-wordpress\/ -->\n<title>Zebranie rodzic\u00f3w klas 7 i 8 - ju\u017c 2 wrze\u015bnia! - SSP<\/title>\n<meta name=\"robots\" content=\"index, follow, max-snippet:-1, max-image-preview:large, max-video-preview:-1\" \/>\n<link rel=\"canonical\" href=\"https:\/\/www.pspo.edu.pl\/podstawowka\/zebranie-rodzicow-klas-7-i-8-juz-2-wrzesnia\/\" \/>\n<meta property=\"og:locale\" content=\"pl_PL\" \/>\n<meta property=\"og:type\" content=\"article\" \/>\n<meta property=\"og:title\" content=\"Zebranie rodzic\u00f3w klas 7 i 8 - ju\u017c 2 wrze\u015bnia! - SSP\" \/>\n<meta property=\"og:url\" content=\"https:\/\/www.pspo.edu.pl\/podstawowka\/zebranie-rodzicow-klas-7-i-8-juz-2-wrzesnia\/\" \/>\n<meta property=\"og:site_name\" content=\"SSP\" \/>\n<meta property=\"article:published_time\" content=\"2026-08-27T09:08:22+00:00\" \/>\n<meta property=\"og:image\" content=\"https:\/\/www.pspo.edu.pl\/podstawowka\/wp-content\/uploads\/sites\/4\/2026\/08\/Pierwsze-zebranie.jpg\" \/>\n\t<meta property=\"og:image:width\" content=\"1080\" \/>\n\t<meta property=\"og:image:height\" content=\"1080\" \/>\n\t<meta property=\"og:image:type\" content=\"image\/jpeg\" \/>\n<meta name=\"author\" content=\"edytorssp\" \/>\n<meta name=\"twitter:card\" content=\"summary_large_image\" \/>\n<meta name=\"twitter:label1\" content=\"Napisane przez\" \/>\n\t<meta name=\"twitter:data1\" content=\"edytorssp\" \/>\n\t<meta name=\"twitter:label2\" content=\"Szacowany czas czytania\" \/>\n\t<meta name=\"twitter:data2\" content=\"1 minuta\" \/>\n<script type=\"application\/ld+json\" class=\"yoast-schema-graph\">{\"@context\":\"https:\\\/\\\/schema.org\",\"@graph\":[{\"@type\":\"Article\",\"@id\":\"https:\\\/\\\/www.pspo.edu.pl\\\/podstawowka\\\/zebranie-rodzicow-klas-7-i-8-juz-2-wrzesnia\\\/#article\",\"isPartOf\":{\"@id\":\"https:\\\/\\\/www.pspo.edu.pl\\\/podstawowka\\\/zebranie-rodzicow-klas-7-i-8-juz-2-wrzesnia\\\/\"},\"author\":{\"name\":\"edytorssp\",\"@id\":\"https:\\\/\\\/www.pspo.edu.pl\\\/podstawowka\\\/#\\\/schema\\\/person\\\/b8896595c03b23b380b056f3c47b2a5e\"},\"headline\":\"Zebranie rodzic\u00f3w klas 7 i 8 &#8211; ju\u017c 2 wrze\u015bnia!\",\"datePublished\":\"2026-08-27T09:08:22+00:00\",\"mainEntityOfPage\":{\"@id\":\"https:\\\/\\\/www.pspo.edu.pl\\\/podstawowka\\\/zebranie-rodzicow-klas-7-i-8-juz-2-wrzesnia\\\/\"},\"wordCount\":9,\"image\":{\"@id\":\"https:\\\/\\\/www.pspo.edu.pl\\\/podstawowka\\\/zebranie-rodzicow-klas-7-i-8-juz-2-wrzesnia\\\/#primaryimage\"},\"thumbnailUrl\":\"https:\\\/\\\/www.pspo.edu.pl\\\/podstawowka\\\/wp-content\\\/uploads\\\/sites\\\/4\\\/2026\\\/08\\\/Pierwsze-zebranie.jpg\",\"inLanguage\":\"pl-PL\"},{\"@type\":\"WebPage\",\"@id\":\"https:\\\/\\\/www.pspo.edu.pl\\\/podstawowka\\\/zebranie-rodzicow-klas-7-i-8-juz-2-wrzesnia\\\/\",\"url\":\"https:\\\/\\\/www.pspo.edu.pl\\\/podstawowka\\\/zebranie-rodzicow-klas-7-i-8-juz-2-wrzesnia\\\/\",\"name\":\"Zebranie rodzic\u00f3w klas 7 i 8 - ju\u017c 2 wrze\u015bnia! - SSP\",\"isPartOf\":{\"@id\":\"https:\\\/\\\/www.pspo.edu.pl\\\/podstawowka\\\/#website\"},\"primaryImageOfPage\":{\"@id\":\"https:\\\/\\\/www.pspo.edu.pl\\\/podstawowka\\\/zebranie-rodzicow-klas-7-i-8-juz-2-wrzesnia\\\/#primaryimage\"},\"image\":{\"@id\":\"https:\\\/\\\/www.pspo.edu.pl\\\/podstawowka\\\/zebranie-rodzicow-klas-7-i-8-juz-2-wrzesnia\\\/#primaryimage\"},\"thumbnailUrl\":\"https:\\\/\\\/www.pspo.edu.pl\\\/podstawowka\\\/wp-content\\\/uploads\\\/sites\\\/4\\\/2026\\\/08\\\/Pierwsze-zebranie.jpg\",\"datePublished\":\"2026-08-27T09:08:22+00:00\",\"author\":{\"@id\":\"https:\\\/\\\/www.pspo.edu.pl\\\/podstawowka\\\/#\\\/schema\\\/person\\\/b8896595c03b23b380b056f3c47b2a5e\"},\"breadcrumb\":{\"@id\":\"https:\\\/\\\/www.pspo.edu.pl\\\/podstawowka\\\/zebranie-rodzicow-klas-7-i-8-juz-2-wrzesnia\\\/#breadcrumb\"},\"inLanguage\":\"pl-PL\",\"potentialAction\":[{\"@type\":\"ReadAction\",\"target\":[\"https:\\\/\\\/www.pspo.edu.pl\\\/podstawowka\\\/zebranie-rodzicow-klas-7-i-8-juz-2-wrzesnia\\\/\"]}]},{\"@type\":\"ImageObject\",\"inLanguage\":\"pl-PL\",\"@id\":\"https:\\\/\\\/www.pspo.edu.pl\\\/podstawowka\\\/zebranie-rodzicow-klas-7-i-8-juz-2-wrzesnia\\\/#primaryimage\",\"url\":\"https:\\\/\\\/www.pspo.edu.pl\\\/podstawowka\\\/wp-content\\\/uploads\\\/sites\\\/4\\\/2026\\\/08\\\/Pierwsze-zebranie.jpg\",\"contentUrl\":\"https:\\\/\\\/www.pspo.edu.pl\\\/podstawowka\\\/wp-content\\\/uploads\\\/sites\\\/4\\\/2026\\\/08\\\/Pierwsze-zebranie.jpg\",\"width\":1080,\"height\":1080},{\"@type\":\"BreadcrumbList\",\"@id\":\"https:\\\/\\\/www.pspo.edu.pl\\\/podstawowka\\\/zebranie-rodzicow-klas-7-i-8-juz-2-wrzesnia\\\/#breadcrumb\",\"itemListElement\":[{\"@type\":\"ListItem\",\"position\":1,\"name\":\"Strona g\u0142\u00f3wna\",\"item\":\"https:\\\/\\\/www.pspo.edu.pl\\\/podstawowka\\\/\"},{\"@type\":\"ListItem\",\"position\":2,\"name\":\"Zebranie rodzic\u00f3w klas 7 i 8 &#8211; ju\u017c 2 wrze\u015bnia!\"}]},{\"@type\":\"WebSite\",\"@id\":\"https:\\\/\\\/www.pspo.edu.pl\\\/podstawowka\\\/#website\",\"url\":\"https:\\\/\\\/www.pspo.edu.pl\\\/podstawowka\\\/\",\"name\":\"SSP\",\"description\":\"Spo\u0142eczna Szko\u0142a Podstawowa nr 13\",\"potentialAction\":[{\"@type\":\"SearchAction\",\"target\":{\"@type\":\"EntryPoint\",\"urlTemplate\":\"https:\\\/\\\/www.pspo.edu.pl\\\/podstawowka\\\/?s={search_term_string}\"},\"query-input\":{\"@type\":\"PropertyValueSpecification\",\"valueRequired\":true,\"valueName\":\"search_term_string\"}}],\"inLanguage\":\"pl-PL\"},{\"@type\":\"Person\",\"@id\":\"https:\\\/\\\/www.pspo.edu.pl\\\/podstawowka\\\/#\\\/schema\\\/person\\\/b8896595c03b23b380b056f3c47b2a5e\",\"name\":\"edytorssp\",\"image\":{\"@type\":\"ImageObject\",\"inLanguage\":\"pl-PL\",\"@id\":\"https:\\\/\\\/www.pspo.edu.pl\\\/podstawowka\\\/wp-content\\\/litespeed\\\/avatar\\\/4\\\/c31316028e96e32aa97cc8dd769623c7.jpg?ver=1787865112\",\"url\":\"https:\\\/\\\/www.pspo.edu.pl\\\/podstawowka\\\/wp-content\\\/litespeed\\\/avatar\\\/4\\\/c31316028e96e32aa97cc8dd769623c7.jpg?ver=1787865112\",\"contentUrl\":\"https:\\\/\\\/www.pspo.edu.pl\\\/podstawowka\\\/wp-content\\\/litespeed\\\/avatar\\\/4\\\/c31316028e96e32aa97cc8dd769623c7.jpg?ver=1787865112\",\"caption\":\"edytorssp\"},\"url\":\"https:\\\/\\\/www.pspo.edu.pl\\\/podstawowka\\\/author\\\/edytorssp\\\/\"}]}<\/script>\n<!-- \/ Yoast SEO plugin. -->","yoast_head_json":{"title":"Zebranie rodzic\u00f3w klas 7 i 8 - ju\u017c 2 wrze\u015bnia! - SSP","robots":{"index":"index","follow":"follow","max-snippet":"max-snippet:-1","max-image-preview":"max-image-preview:large","max-video-preview":"max-video-preview:-1"},"canonical":"https:\/\/www.pspo.edu.pl\/podstawowka\/zebranie-rodzicow-klas-7-i-8-juz-2-wrzesnia\/","og_locale":"pl_PL","og_type":"article","og_title":"Zebranie rodzic\u00f3w klas 7 i 8 - ju\u017c 2 wrze\u015bnia! - SSP","og_url":"https:\/\/www.pspo.edu.pl\/podstawowka\/zebranie-rodzicow-klas-7-i-8-juz-2-wrzesnia\/","og_site_name":"SSP","article_published_time":"2026-08-27T09:08:22+00:00","og_image":[{"width":1080,"height":1080,"url":"https:\/\/www.pspo.edu.pl\/podstawowka\/wp-content\/uploads\/sites\/4\/2026\/08\/Pierwsze-zebranie.jpg","type":"image\/jpeg"}],"author":"edytorssp","twitter_card":"summary_large_image","twitter_misc":{"Napisane przez":"edytorssp","Szacowany czas czytania":"1 minuta"},"schema":{"@context":"https:\/\/schema.org","@graph":[{"@type":"Article","@id":"https:\/\/www.pspo.edu.pl\/podstawowka\/zebranie-rodzicow-klas-7-i-8-juz-2-wrzesnia\/#article","isPartOf":{"@id":"https:\/\/www.pspo.edu.pl\/podstawowka\/zebranie-rodzicow-klas-7-i-8-juz-2-wrzesnia\/"},"author":{"name":"edytorssp","@id":"https:\/\/www.pspo.edu.pl\/podstawowka\/#\/schema\/person\/b8896595c03b23b380b056f3c47b2a5e"},"headline":"Zebranie rodzic\u00f3w klas 7 i 8 &#8211; ju\u017c 2 wrze\u015bnia!","datePublished":"2026-08-27T09:08:22+00:00","mainEntityOfPage":{"@id":"https:\/\/www.pspo.edu.pl\/podstawowka\/zebranie-rodzicow-klas-7-i-8-juz-2-wrzesnia\/"},"wordCount":9,"image":{"@id":"https:\/\/www.pspo.edu.pl\/podstawowka\/zebranie-rodzicow-klas-7-i-8-juz-2-wrzesnia\/#primaryimage"},"thumbnailUrl":"https:\/\/www.pspo.edu.pl\/podstawowka\/wp-content\/uploads\/sites\/4\/2026\/08\/Pierwsze-zebranie.jpg","inLanguage":"pl-PL"},{"@type":"WebPage","@id":"https:\/\/www.pspo.edu.pl\/podstawowka\/zebranie-rodzicow-klas-7-i-8-juz-2-wrzesnia\/","url":"https:\/\/www.pspo.edu.pl\/podstawowka\/zebranie-rodzicow-klas-7-i-8-juz-2-wrzesnia\/","name":"Zebranie rodzic\u00f3w klas 7 i 8 - ju\u017c 2 wrze\u015bnia! - SSP","isPartOf":{"@id":"https:\/\/www.pspo.edu.pl\/podstawowka\/#website"},"primaryImageOfPage":{"@id":"https:\/\/www.pspo.edu.pl\/podstawowka\/zebranie-rodzicow-klas-7-i-8-juz-2-wrzesnia\/#primaryimage"},"image":{"@id":"https:\/\/www.pspo.edu.pl\/podstawowka\/zebranie-rodzicow-klas-7-i-8-juz-2-wrzesnia\/#primaryimage"},"thumbnailUrl":"https:\/\/www.pspo.edu.pl\/podstawowka\/wp-content\/uploads\/sites\/4\/2026\/08\/Pierwsze-zebranie.jpg","datePublished":"2026-08-27T09:08:22+00:00","author":{"@id":"https:\/\/www.pspo.edu.pl\/podstawowka\/#\/schema\/person\/b8896595c03b23b380b056f3c47b2a5e"},"breadcrumb":{"@id":"https:\/\/www.pspo.edu.pl\/podstawowka\/zebranie-rodzicow-klas-7-i-8-juz-2-wrzesnia\/#breadcrumb"},"inLanguage":"pl-PL","potentialAction":[{"@type":"ReadAction","target":["https:\/\/www.pspo.edu.pl\/podstawowka\/zebranie-rodzicow-klas-7-i-8-juz-2-wrzesnia\/"]}]},{"@type":"ImageObject","inLanguage":"pl-PL","@id":"https:\/\/www.pspo.edu.pl\/podstawowka\/zebranie-rodzicow-klas-7-i-8-juz-2-wrzesnia\/#primaryimage","url":"https:\/\/www.pspo.edu.pl\/podstawowka\/wp-content\/uploads\/sites\/4\/2026\/08\/Pierwsze-zebranie.jpg","contentUrl":"https:\/\/www.pspo.edu.pl\/podstawowka\/wp-content\/uploads\/sites\/4\/2026\/08\/Pierwsze-zebranie.jpg","width":1080,"height":1080},{"@type":"BreadcrumbList","@id":"https:\/\/www.pspo.edu.pl\/podstawowka\/zebranie-rodzicow-klas-7-i-8-juz-2-wrzesnia\/#breadcrumb","itemListElement":[{"@type":"ListItem","position":1,"name":"Strona g\u0142\u00f3wna","item":"https:\/\/www.pspo.edu.pl\/podstawowka\/"},{"@type":"ListItem","position":2,"name":"Zebranie rodzic\u00f3w klas 7 i 8 &#8211; ju\u017c 2 wrze\u015bnia!"}]},{"@type":"WebSite","@id":"https:\/\/www.pspo.edu.pl\/podstawowka\/#website","url":"https:\/\/www.pspo.edu.pl\/podstawowka\/","name":"SSP","description":"Spo\u0142eczna Szko\u0142a Podstawowa nr 13","potentialAction":[{"@type":"SearchAction","target":{"@type":"EntryPoint","urlTemplate":"https:\/\/www.pspo.edu.pl\/podstawowka\/?s={search_term_string}"},"query-input":{"@type":"PropertyValueSpecification","valueRequired":true,"valueName":"search_term_string"}}],"inLanguage":"pl-PL"},{"@type":"Person","@id":"https:\/\/www.pspo.edu.pl\/podstawowka\/#\/schema\/person\/b8896595c03b23b380b056f3c47b2a5e","name":"edytorssp","image":{"@type":"ImageObject","inLanguage":"pl-PL","@id":"https:\/\/www.pspo.edu.pl\/podstawowka\/wp-content\/litespeed\/avatar\/4\/c31316028e96e32aa97cc8dd769623c7.jpg?ver=1787865112","url":"https:\/\/www.pspo.edu.pl\/podstawowka\/wp-content\/litespeed\/avatar\/4\/c31316028e96e32aa97cc8dd769623c7.jpg?ver=1787865112","contentUrl":"https:\/\/www.pspo.edu.pl\/podstawowka\/wp-content\/litespeed\/avatar\/4\/c31316028e96e32aa97cc8dd769623c7.jpg?ver=1787865112","caption":"edytorssp"},"url":"https:\/\/www.pspo.edu.pl\/podstawowka\/author\/edytorssp\/"}]}},"_links":{"self":[{"href":"https:\/\/www.pspo.edu.pl\/podstawowka\/wp-json\/wp\/v2\/posts\/4792","targetHints":{"allow":["GET"]}}],"collection":[{"href":"https:\/\/www.pspo.edu.pl\/podstawowka\/wp-json\/wp\/v2\/posts"}],"about":[{"href":"https:\/\/www.pspo.edu.pl\/podstawowka\/wp-json\/wp\/v2\/types\/post"}],"author":[{"embeddable":true,"href":"https:\/\/www.pspo.edu.pl\/podstawowka\/wp-json\/wp\/v2\/users\/14"}],"replies":[{"embeddable":true,"href":"https:\/\/www.pspo.edu.pl\/podstawowka\/wp-json\/wp\/v2\/comments?post=4792"}],"version-history":[{"count":1,"href":"https:\/\/www.pspo.edu.pl\/podstawowka\/wp-json\/wp\/v2\/posts\/4792\/revisions"}],"predecessor-version":[{"id":4794,"href":"https:\/\/www.pspo.edu.pl\/podstawowka\/wp-json\/wp\/v2\/posts\/4792\/revisions\/4794"}],"wp:featuredmedia":[{"embeddable":true,"href":"https:\/\/www.pspo.edu.pl\/podstawowka\/wp-json\/wp\/v2\/media\/4793"}],"wp:attachment":[{"href":"https:\/\/www.pspo.edu.pl\/podstawowka\/wp-json\/wp\/v2\/media?parent=4792"}],"wp:term":[{"taxonomy":"category","embeddable":true,"href":"https:\/\/www.pspo.edu.pl\/podstawowka\/wp-json\/wp\/v2\/categories?post=4792"},{"taxonomy":"post_tag","embeddable":true,"href":"https:\/\/www.pspo.edu.pl\/podstawowka\/wp-json\/wp\/v2\/tags?post=4792"}],"curies":[{"name":"wp","href":"https:\/\/api.w.org\/{rel}","templated":true}]}}