{"id":4801,"date":"2026-08-31T16:58:45","date_gmt":"2026-08-31T14:58:45","guid":{"rendered":"https:\/\/www.pspo.edu.pl\/podstawowka\/rozpoczecie-roku-szkolnego-aktualizacja\/"},"modified":"2026-08-31T17:01:20","modified_gmt":"2026-08-31T15:01:20","slug":"rozpoczecie-roku-szkolnego-aktualizacja","status":"publish","type":"post","link":"https:\/\/www.pspo.edu.pl\/podstawowka\/rozpoczecie-roku-szkolnego-aktualizacja\/","title":{"rendered":"Rozpocz\u0119cie roku szkolnego &#8211; aktualizacja!"},"content":{"rendered":"<div dir=\"auto\">Serdecznie zapraszamy na uroczysto\u015b\u0107\u00a0 rozpocz\u0119cia roku szkolnego, kt\u00f3ra odb\u0119dzie si\u0119\u00a0 ju\u017c jutro &#8211; 1 wrze\u015bnia &#8211; w Auli Schumana, znajduj\u0105cej si\u0119 na terenie UKSW w budynku nr 21 &#8211; Auditorium Maximum.<\/div>\n<div dir=\"auto\"><strong>Zwracamy Pa\u0144stwa uwag\u0119 na zmian\u0119 wej\u015bcia do budynku zgodnie z za\u0142\u0105czon\u0105 map\u0105.<\/strong><\/div>\n<div dir=\"auto\"><\/div>\n<ul>\n<li dir=\"auto\">klasy 0 &#8211; 3: godzina 9:00<\/li>\n<li dir=\"auto\">klasy 4 &#8211; 8: godzina 10:00<\/li>\n<li dir=\"auto\">klasy licealne: godzina 11:00<\/li>\n<\/ul>\n<div dir=\"auto\"><strong>Po uroczysto\u015bci zapraszamy do sal lekcyjnych\u00a0 na spotkania z wychowawcami klas.<\/strong><\/div>\n<div dir=\"auto\"><\/div>\n<div dir=\"auto\"><a href=\"https:\/\/www.pspo.edu.pl\/liceum\/wp-content\/uploads\/sites\/5\/2026\/08\/Rozpoczecie_roku_szkolnego_zmiana_wejscia.png\"><img decoding=\"async\" class=\"aligncenter size-large wp-image-2784\" src=\"https:\/\/www.pspo.edu.pl\/liceum\/wp-content\/uploads\/sites\/5\/2026\/08\/Rozpoczecie_roku_szkolnego_zmiana_wejscia-1024x538.png\" alt=\"\" width=\"1024\" height=\"538\" \/><\/a><\/div>\n<!-- AddThis Advanced Settings generic via filter on the_content --><!-- AddThis Share Buttons generic via filter on the_content -->","protected":false},"excerpt":{"rendered":"<p>Serdecznie zapraszamy na uroczysto\u015b\u0107\u00a0 rozpocz\u0119cia roku szkolnego, kt\u00f3ra odb\u0119dzie si\u0119\u00a0 ju\u017c jutro &#8211; 1 wrze\u015bnia &#8211; w Auli Schumana, znajduj\u0105cej si\u0119 na terenie UKSW w budynku nr 21 &#8211; Auditorium Maximum. Zwracamy Pa\u0144stwa uwag\u0119 na zmian\u0119 wej\u015bcia do budynku zgodnie z za\u0142\u0105czon\u0105 map\u0105. klasy 0 &#8211; 3: godzina 9:00 klasy 4 &#8211; 8: godzina 10:00 &hellip;<!-- AddThis Advanced Settings generic via filter on get_the_excerpt --><!-- AddThis Share Buttons generic via filter on get_the_excerpt --><\/p>\n","protected":false},"author":11,"featured_media":4802,"comment_status":"closed","ping_status":"open","sticky":false,"template":"","format":"standard","meta":{"inline_featured_image":false,"ngg_post_thumbnail":0,"footnotes":""},"categories":[1],"tags":[],"class_list":["post-4801","post","type-post","status-publish","format-standard","has-post-thumbnail","hentry","category-bez-kategorii"],"yoast_head":"<!-- This site is optimized with the Yoast SEO plugin v28.1 - https:\/\/yoast.com\/product\/yoast-seo-wordpress\/ -->\n<title>Rozpocz\u0119cie roku szkolnego - aktualizacja! - SSP<\/title>\n<meta name=\"robots\" content=\"index, follow, max-snippet:-1, max-image-preview:large, max-video-preview:-1\" \/>\n<link rel=\"canonical\" href=\"https:\/\/www.pspo.edu.pl\/podstawowka\/rozpoczecie-roku-szkolnego-aktualizacja\/\" \/>\n<meta property=\"og:locale\" content=\"pl_PL\" \/>\n<meta property=\"og:type\" content=\"article\" \/>\n<meta property=\"og:title\" content=\"Rozpocz\u0119cie roku szkolnego - aktualizacja! - SSP\" \/>\n<meta property=\"og:description\" content=\"Serdecznie zapraszamy na uroczysto\u015b\u0107\u00a0 rozpocz\u0119cia roku szkolnego, kt\u00f3ra odb\u0119dzie si\u0119\u00a0 ju\u017c jutro &#8211; 1 wrze\u015bnia &#8211; w Auli Schumana, znajduj\u0105cej si\u0119 na terenie UKSW w budynku nr 21 &#8211; Auditorium Maximum. Zwracamy Pa\u0144stwa uwag\u0119 na zmian\u0119 wej\u015bcia do budynku zgodnie z za\u0142\u0105czon\u0105 map\u0105. klasy 0 &#8211; 3: godzina 9:00 klasy 4 &#8211; 8: godzina 10:00 &hellip;\" \/>\n<meta property=\"og:url\" content=\"https:\/\/www.pspo.edu.pl\/podstawowka\/rozpoczecie-roku-szkolnego-aktualizacja\/\" \/>\n<meta property=\"og:site_name\" content=\"SSP\" \/>\n<meta property=\"article:published_time\" content=\"2026-08-31T14:58:45+00:00\" \/>\n<meta property=\"article:modified_time\" content=\"2026-08-31T15:01:20+00:00\" \/>\n<meta property=\"og:image\" content=\"https:\/\/www.pspo.edu.pl\/podstawowka\/wp-content\/uploads\/sites\/4\/2026\/08\/Rozpoczecie_roku_szkolnego_zmiana_wejscia.png\" \/>\n\t<meta property=\"og:image:width\" content=\"1200\" \/>\n\t<meta property=\"og:image:height\" content=\"630\" \/>\n\t<meta property=\"og:image:type\" content=\"image\/png\" \/>\n<meta name=\"author\" content=\"edytorlon\" \/>\n<meta name=\"twitter:card\" content=\"summary_large_image\" \/>\n<meta name=\"twitter:label1\" content=\"Napisane przez\" \/>\n\t<meta name=\"twitter:data1\" content=\"edytorlon\" \/>\n<script type=\"application\/ld+json\" class=\"yoast-schema-graph\">{\"@context\":\"https:\\\/\\\/schema.org\",\"@graph\":[{\"@type\":\"Article\",\"@id\":\"https:\\\/\\\/www.pspo.edu.pl\\\/podstawowka\\\/rozpoczecie-roku-szkolnego-aktualizacja\\\/#article\",\"isPartOf\":{\"@id\":\"https:\\\/\\\/www.pspo.edu.pl\\\/podstawowka\\\/rozpoczecie-roku-szkolnego-aktualizacja\\\/\"},\"author\":{\"name\":\"edytorlon\",\"@id\":\"https:\\\/\\\/www.pspo.edu.pl\\\/podstawowka\\\/#\\\/schema\\\/person\\\/9251b812820c2ad08158b4dbebf61bde\"},\"headline\":\"Rozpocz\u0119cie roku szkolnego &#8211; aktualizacja!\",\"datePublished\":\"2026-08-31T14:58:45+00:00\",\"dateModified\":\"2026-08-31T15:01:20+00:00\",\"mainEntityOfPage\":{\"@id\":\"https:\\\/\\\/www.pspo.edu.pl\\\/podstawowka\\\/rozpoczecie-roku-szkolnego-aktualizacja\\\/\"},\"wordCount\":76,\"image\":{\"@id\":\"https:\\\/\\\/www.pspo.edu.pl\\\/podstawowka\\\/rozpoczecie-roku-szkolnego-aktualizacja\\\/#primaryimage\"},\"thumbnailUrl\":\"https:\\\/\\\/www.pspo.edu.pl\\\/podstawowka\\\/wp-content\\\/uploads\\\/sites\\\/4\\\/2026\\\/08\\\/Rozpoczecie_roku_szkolnego_zmiana_wejscia.png\",\"inLanguage\":\"pl-PL\"},{\"@type\":\"WebPage\",\"@id\":\"https:\\\/\\\/www.pspo.edu.pl\\\/podstawowka\\\/rozpoczecie-roku-szkolnego-aktualizacja\\\/\",\"url\":\"https:\\\/\\\/www.pspo.edu.pl\\\/podstawowka\\\/rozpoczecie-roku-szkolnego-aktualizacja\\\/\",\"name\":\"Rozpocz\u0119cie roku szkolnego - aktualizacja! - SSP\",\"isPartOf\":{\"@id\":\"https:\\\/\\\/www.pspo.edu.pl\\\/podstawowka\\\/#website\"},\"primaryImageOfPage\":{\"@id\":\"https:\\\/\\\/www.pspo.edu.pl\\\/podstawowka\\\/rozpoczecie-roku-szkolnego-aktualizacja\\\/#primaryimage\"},\"image\":{\"@id\":\"https:\\\/\\\/www.pspo.edu.pl\\\/podstawowka\\\/rozpoczecie-roku-szkolnego-aktualizacja\\\/#primaryimage\"},\"thumbnailUrl\":\"https:\\\/\\\/www.pspo.edu.pl\\\/podstawowka\\\/wp-content\\\/uploads\\\/sites\\\/4\\\/2026\\\/08\\\/Rozpoczecie_roku_szkolnego_zmiana_wejscia.png\",\"datePublished\":\"2026-08-31T14:58:45+00:00\",\"dateModified\":\"2026-08-31T15:01:20+00:00\",\"author\":{\"@id\":\"https:\\\/\\\/www.pspo.edu.pl\\\/podstawowka\\\/#\\\/schema\\\/person\\\/9251b812820c2ad08158b4dbebf61bde\"},\"breadcrumb\":{\"@id\":\"https:\\\/\\\/www.pspo.edu.pl\\\/podstawowka\\\/rozpoczecie-roku-szkolnego-aktualizacja\\\/#breadcrumb\"},\"inLanguage\":\"pl-PL\",\"potentialAction\":[{\"@type\":\"ReadAction\",\"target\":[\"https:\\\/\\\/www.pspo.edu.pl\\\/podstawowka\\\/rozpoczecie-roku-szkolnego-aktualizacja\\\/\"]}]},{\"@type\":\"ImageObject\",\"inLanguage\":\"pl-PL\",\"@id\":\"https:\\\/\\\/www.pspo.edu.pl\\\/podstawowka\\\/rozpoczecie-roku-szkolnego-aktualizacja\\\/#primaryimage\",\"url\":\"https:\\\/\\\/www.pspo.edu.pl\\\/podstawowka\\\/wp-content\\\/uploads\\\/sites\\\/4\\\/2026\\\/08\\\/Rozpoczecie_roku_szkolnego_zmiana_wejscia.png\",\"contentUrl\":\"https:\\\/\\\/www.pspo.edu.pl\\\/podstawowka\\\/wp-content\\\/uploads\\\/sites\\\/4\\\/2026\\\/08\\\/Rozpoczecie_roku_szkolnego_zmiana_wejscia.png\",\"width\":1200,\"height\":630},{\"@type\":\"BreadcrumbList\",\"@id\":\"https:\\\/\\\/www.pspo.edu.pl\\\/podstawowka\\\/rozpoczecie-roku-szkolnego-aktualizacja\\\/#breadcrumb\",\"itemListElement\":[{\"@type\":\"ListItem\",\"position\":1,\"name\":\"Strona g\u0142\u00f3wna\",\"item\":\"https:\\\/\\\/www.pspo.edu.pl\\\/podstawowka\\\/\"},{\"@type\":\"ListItem\",\"position\":2,\"name\":\"Rozpocz\u0119cie roku szkolnego &#8211; aktualizacja!\"}]},{\"@type\":\"WebSite\",\"@id\":\"https:\\\/\\\/www.pspo.edu.pl\\\/podstawowka\\\/#website\",\"url\":\"https:\\\/\\\/www.pspo.edu.pl\\\/podstawowka\\\/\",\"name\":\"SSP\",\"description\":\"Spo\u0142eczna Szko\u0142a Podstawowa nr 13\",\"potentialAction\":[{\"@type\":\"SearchAction\",\"target\":{\"@type\":\"EntryPoint\",\"urlTemplate\":\"https:\\\/\\\/www.pspo.edu.pl\\\/podstawowka\\\/?s={search_term_string}\"},\"query-input\":{\"@type\":\"PropertyValueSpecification\",\"valueRequired\":true,\"valueName\":\"search_term_string\"}}],\"inLanguage\":\"pl-PL\"},{\"@type\":\"Person\",\"@id\":\"https:\\\/\\\/www.pspo.edu.pl\\\/podstawowka\\\/#\\\/schema\\\/person\\\/9251b812820c2ad08158b4dbebf61bde\",\"name\":\"edytorlon\",\"image\":{\"@type\":\"ImageObject\",\"inLanguage\":\"pl-PL\",\"@id\":\"https:\\\/\\\/www.pspo.edu.pl\\\/podstawowka\\\/wp-content\\\/litespeed\\\/avatar\\\/4\\\/df3a885187dd2d24fabadf33608c584f.jpg?ver=1787945970\",\"url\":\"https:\\\/\\\/www.pspo.edu.pl\\\/podstawowka\\\/wp-content\\\/litespeed\\\/avatar\\\/4\\\/df3a885187dd2d24fabadf33608c584f.jpg?ver=1787945970\",\"contentUrl\":\"https:\\\/\\\/www.pspo.edu.pl\\\/podstawowka\\\/wp-content\\\/litespeed\\\/avatar\\\/4\\\/df3a885187dd2d24fabadf33608c584f.jpg?ver=1787945970\",\"caption\":\"edytorlon\"},\"url\":\"https:\\\/\\\/www.pspo.edu.pl\\\/podstawowka\\\/author\\\/edytorlon\\\/\"}]}<\/script>\n<!-- \/ Yoast SEO plugin. -->","yoast_head_json":{"title":"Rozpocz\u0119cie roku szkolnego - aktualizacja! - SSP","robots":{"index":"index","follow":"follow","max-snippet":"max-snippet:-1","max-image-preview":"max-image-preview:large","max-video-preview":"max-video-preview:-1"},"canonical":"https:\/\/www.pspo.edu.pl\/podstawowka\/rozpoczecie-roku-szkolnego-aktualizacja\/","og_locale":"pl_PL","og_type":"article","og_title":"Rozpocz\u0119cie roku szkolnego - aktualizacja! - SSP","og_description":"Serdecznie zapraszamy na uroczysto\u015b\u0107\u00a0 rozpocz\u0119cia roku szkolnego, kt\u00f3ra odb\u0119dzie si\u0119\u00a0 ju\u017c jutro &#8211; 1 wrze\u015bnia &#8211; w Auli Schumana, znajduj\u0105cej si\u0119 na terenie UKSW w budynku nr 21 &#8211; Auditorium Maximum. Zwracamy Pa\u0144stwa uwag\u0119 na zmian\u0119 wej\u015bcia do budynku zgodnie z za\u0142\u0105czon\u0105 map\u0105. klasy 0 &#8211; 3: godzina 9:00 klasy 4 &#8211; 8: godzina 10:00 &hellip;","og_url":"https:\/\/www.pspo.edu.pl\/podstawowka\/rozpoczecie-roku-szkolnego-aktualizacja\/","og_site_name":"SSP","article_published_time":"2026-08-31T14:58:45+00:00","article_modified_time":"2026-08-31T15:01:20+00:00","og_image":[{"width":1200,"height":630,"url":"https:\/\/www.pspo.edu.pl\/podstawowka\/wp-content\/uploads\/sites\/4\/2026\/08\/Rozpoczecie_roku_szkolnego_zmiana_wejscia.png","type":"image\/png"}],"author":"edytorlon","twitter_card":"summary_large_image","twitter_misc":{"Napisane przez":"edytorlon"},"schema":{"@context":"https:\/\/schema.org","@graph":[{"@type":"Article","@id":"https:\/\/www.pspo.edu.pl\/podstawowka\/rozpoczecie-roku-szkolnego-aktualizacja\/#article","isPartOf":{"@id":"https:\/\/www.pspo.edu.pl\/podstawowka\/rozpoczecie-roku-szkolnego-aktualizacja\/"},"author":{"name":"edytorlon","@id":"https:\/\/www.pspo.edu.pl\/podstawowka\/#\/schema\/person\/9251b812820c2ad08158b4dbebf61bde"},"headline":"Rozpocz\u0119cie roku szkolnego &#8211; aktualizacja!","datePublished":"2026-08-31T14:58:45+00:00","dateModified":"2026-08-31T15:01:20+00:00","mainEntityOfPage":{"@id":"https:\/\/www.pspo.edu.pl\/podstawowka\/rozpoczecie-roku-szkolnego-aktualizacja\/"},"wordCount":76,"image":{"@id":"https:\/\/www.pspo.edu.pl\/podstawowka\/rozpoczecie-roku-szkolnego-aktualizacja\/#primaryimage"},"thumbnailUrl":"https:\/\/www.pspo.edu.pl\/podstawowka\/wp-content\/uploads\/sites\/4\/2026\/08\/Rozpoczecie_roku_szkolnego_zmiana_wejscia.png","inLanguage":"pl-PL"},{"@type":"WebPage","@id":"https:\/\/www.pspo.edu.pl\/podstawowka\/rozpoczecie-roku-szkolnego-aktualizacja\/","url":"https:\/\/www.pspo.edu.pl\/podstawowka\/rozpoczecie-roku-szkolnego-aktualizacja\/","name":"Rozpocz\u0119cie roku szkolnego - aktualizacja! - SSP","isPartOf":{"@id":"https:\/\/www.pspo.edu.pl\/podstawowka\/#website"},"primaryImageOfPage":{"@id":"https:\/\/www.pspo.edu.pl\/podstawowka\/rozpoczecie-roku-szkolnego-aktualizacja\/#primaryimage"},"image":{"@id":"https:\/\/www.pspo.edu.pl\/podstawowka\/rozpoczecie-roku-szkolnego-aktualizacja\/#primaryimage"},"thumbnailUrl":"https:\/\/www.pspo.edu.pl\/podstawowka\/wp-content\/uploads\/sites\/4\/2026\/08\/Rozpoczecie_roku_szkolnego_zmiana_wejscia.png","datePublished":"2026-08-31T14:58:45+00:00","dateModified":"2026-08-31T15:01:20+00:00","author":{"@id":"https:\/\/www.pspo.edu.pl\/podstawowka\/#\/schema\/person\/9251b812820c2ad08158b4dbebf61bde"},"breadcrumb":{"@id":"https:\/\/www.pspo.edu.pl\/podstawowka\/rozpoczecie-roku-szkolnego-aktualizacja\/#breadcrumb"},"inLanguage":"pl-PL","potentialAction":[{"@type":"ReadAction","target":["https:\/\/www.pspo.edu.pl\/podstawowka\/rozpoczecie-roku-szkolnego-aktualizacja\/"]}]},{"@type":"ImageObject","inLanguage":"pl-PL","@id":"https:\/\/www.pspo.edu.pl\/podstawowka\/rozpoczecie-roku-szkolnego-aktualizacja\/#primaryimage","url":"https:\/\/www.pspo.edu.pl\/podstawowka\/wp-content\/uploads\/sites\/4\/2026\/08\/Rozpoczecie_roku_szkolnego_zmiana_wejscia.png","contentUrl":"https:\/\/www.pspo.edu.pl\/podstawowka\/wp-content\/uploads\/sites\/4\/2026\/08\/Rozpoczecie_roku_szkolnego_zmiana_wejscia.png","width":1200,"height":630},{"@type":"BreadcrumbList","@id":"https:\/\/www.pspo.edu.pl\/podstawowka\/rozpoczecie-roku-szkolnego-aktualizacja\/#breadcrumb","itemListElement":[{"@type":"ListItem","position":1,"name":"Strona g\u0142\u00f3wna","item":"https:\/\/www.pspo.edu.pl\/podstawowka\/"},{"@type":"ListItem","position":2,"name":"Rozpocz\u0119cie roku szkolnego &#8211; aktualizacja!"}]},{"@type":"WebSite","@id":"https:\/\/www.pspo.edu.pl\/podstawowka\/#website","url":"https:\/\/www.pspo.edu.pl\/podstawowka\/","name":"SSP","description":"Spo\u0142eczna Szko\u0142a Podstawowa nr 13","potentialAction":[{"@type":"SearchAction","target":{"@type":"EntryPoint","urlTemplate":"https:\/\/www.pspo.edu.pl\/podstawowka\/?s={search_term_string}"},"query-input":{"@type":"PropertyValueSpecification","valueRequired":true,"valueName":"search_term_string"}}],"inLanguage":"pl-PL"},{"@type":"Person","@id":"https:\/\/www.pspo.edu.pl\/podstawowka\/#\/schema\/person\/9251b812820c2ad08158b4dbebf61bde","name":"edytorlon","image":{"@type":"ImageObject","inLanguage":"pl-PL","@id":"https:\/\/www.pspo.edu.pl\/podstawowka\/wp-content\/litespeed\/avatar\/4\/df3a885187dd2d24fabadf33608c584f.jpg?ver=1787945970","url":"https:\/\/www.pspo.edu.pl\/podstawowka\/wp-content\/litespeed\/avatar\/4\/df3a885187dd2d24fabadf33608c584f.jpg?ver=1787945970","contentUrl":"https:\/\/www.pspo.edu.pl\/podstawowka\/wp-content\/litespeed\/avatar\/4\/df3a885187dd2d24fabadf33608c584f.jpg?ver=1787945970","caption":"edytorlon"},"url":"https:\/\/www.pspo.edu.pl\/podstawowka\/author\/edytorlon\/"}]}},"_links":{"self":[{"href":"https:\/\/www.pspo.edu.pl\/podstawowka\/wp-json\/wp\/v2\/posts\/4801","targetHints":{"allow":["GET"]}}],"collection":[{"href":"https:\/\/www.pspo.edu.pl\/podstawowka\/wp-json\/wp\/v2\/posts"}],"about":[{"href":"https:\/\/www.pspo.edu.pl\/podstawowka\/wp-json\/wp\/v2\/types\/post"}],"author":[{"embeddable":true,"href":"https:\/\/www.pspo.edu.pl\/podstawowka\/wp-json\/wp\/v2\/users\/11"}],"replies":[{"embeddable":true,"href":"https:\/\/www.pspo.edu.pl\/podstawowka\/wp-json\/wp\/v2\/comments?post=4801"}],"version-history":[{"count":1,"href":"https:\/\/www.pspo.edu.pl\/podstawowka\/wp-json\/wp\/v2\/posts\/4801\/revisions"}],"predecessor-version":[{"id":4803,"href":"https:\/\/www.pspo.edu.pl\/podstawowka\/wp-json\/wp\/v2\/posts\/4801\/revisions\/4803"}],"wp:featuredmedia":[{"embeddable":true,"href":"https:\/\/www.pspo.edu.pl\/podstawowka\/wp-json\/wp\/v2\/media\/4802"}],"wp:attachment":[{"href":"https:\/\/www.pspo.edu.pl\/podstawowka\/wp-json\/wp\/v2\/media?parent=4801"}],"wp:term":[{"taxonomy":"category","embeddable":true,"href":"https:\/\/www.pspo.edu.pl\/podstawowka\/wp-json\/wp\/v2\/categories?post=4801"},{"taxonomy":"post_tag","embeddable":true,"href":"https:\/\/www.pspo.edu.pl\/podstawowka\/wp-json\/wp\/v2\/tags?post=4801"}],"curies":[{"name":"wp","href":"https:\/\/api.w.org\/{rel}","templated":true}]}}