{"id":1482,"date":"2024-08-22T15:27:51","date_gmt":"2024-08-22T13:27:51","guid":{"rendered":"https:\/\/www.pspo.edu.pl\/przedszkole\/?p=1482"},"modified":"2024-08-22T15:29:19","modified_gmt":"2024-08-22T13:29:19","slug":"uroczyste-rozpoczecie-roku-szkolnego","status":"publish","type":"post","link":"https:\/\/www.pspo.edu.pl\/przedszkole\/uroczyste-rozpoczecie-roku-szkolnego\/","title":{"rendered":"Uroczyste rozpocz\u0119cie roku szkolnego"},"content":{"rendered":"<div>Drogie dzieci, Szanowni Rodzice!<\/div>\n<div><\/div>\n<div>Serdecznie zapraszamy na uroczysto\u015b\u0107 rozpocz\u0119cia roku szkolnego 2024\/2025,<\/div>\n<div>kt\u00f3ra odb\u0119dzie si\u0119 2 wrze\u015bnia w Auli Schumana znajduj\u0105cej si\u0119 na terenie UKSW w budynku nr 21 \u2013 Auditorium Maximum.<\/div>\n<div><\/div>\n<ul>\n<li>\u00a0Klasy 0-3 godz. 9.00,<div id='gallery-1' class='gallery galleryid-1482 gallery-columns-3 gallery-size-thumbnail'><figure class='gallery-item'>\n\t\t\t<div class='gallery-icon portrait'>\n\t\t\t\t<a href='https:\/\/www.pspo.edu.pl\/przedszkole\/uroczyste-rozpoczecie-roku-szkolnego\/d392a5d7-695b-41d3-bc5b-a285682ea249\/'><img decoding=\"async\" width=\"150\" height=\"150\" src=\"https:\/\/www.pspo.edu.pl\/przedszkole\/wp-content\/uploads\/sites\/3\/2024\/08\/d392a5d7-695b-41d3-bc5b-a285682ea249-150x150.jpg\" class=\"attachment-thumbnail size-thumbnail\" alt=\"\" \/><\/a>\n\t\t\t<\/div><\/figure>\n\t\t<\/div>\n<\/li>\n<\/ul>\n<div>Po uroczysto\u015bci zapraszamy na spotkania z wychowawcami.<\/div>\n<!-- AddThis Advanced Settings generic via filter on the_content --><!-- AddThis Share Buttons generic via filter on the_content -->","protected":false},"excerpt":{"rendered":"<p>Drogie dzieci, Szanowni Rodzice! Serdecznie zapraszamy na uroczysto\u015b\u0107 rozpocz\u0119cia roku szkolnego 2024\/2025, kt\u00f3ra odb\u0119dzie si\u0119 2 wrze\u015bnia w Auli Schumana znajduj\u0105cej si\u0119 na terenie UKSW w budynku nr 21 \u2013 Auditorium Maximum. \u00a0Klasy 0-3 godz. 9.00, Po uroczysto\u015bci zapraszamy na spotkania z wychowawcami.<!-- AddThis Advanced Settings generic via filter on get_the_excerpt --><!-- AddThis Share Buttons generic via filter on get_the_excerpt --><\/p>\n","protected":false},"author":12,"featured_media":1483,"comment_status":"closed","ping_status":"open","sticky":false,"template":"","format":"standard","meta":{"inline_featured_image":false,"ngg_post_thumbnail":0,"footnotes":""},"categories":[1],"tags":[],"class_list":["post-1482","post","type-post","status-publish","format-standard","has-post-thumbnail","hentry","category-bez-kategorii"],"yoast_head":"<!-- This site is optimized with the Yoast SEO plugin v27.4 - https:\/\/yoast.com\/product\/yoast-seo-wordpress\/ -->\n<title>Uroczyste rozpocz\u0119cie roku szkolnego - MA<\/title>\n<meta name=\"robots\" content=\"index, follow, max-snippet:-1, max-image-preview:large, max-video-preview:-1\" \/>\n<link rel=\"canonical\" href=\"https:\/\/www.pspo.edu.pl\/przedszkole\/uroczyste-rozpoczecie-roku-szkolnego\/\" \/>\n<meta property=\"og:locale\" content=\"pl_PL\" \/>\n<meta property=\"og:type\" content=\"article\" \/>\n<meta property=\"og:title\" content=\"Uroczyste rozpocz\u0119cie roku szkolnego - MA\" \/>\n<meta property=\"og:description\" content=\"Drogie dzieci, Szanowni Rodzice! Serdecznie zapraszamy na uroczysto\u015b\u0107 rozpocz\u0119cia roku szkolnego 2024\/2025, kt\u00f3ra odb\u0119dzie si\u0119 2 wrze\u015bnia w Auli Schumana znajduj\u0105cej si\u0119 na terenie UKSW w budynku nr 21 \u2013 Auditorium Maximum. \u00a0Klasy 0-3 godz. 9.00, Po uroczysto\u015bci zapraszamy na spotkania z wychowawcami.\" \/>\n<meta property=\"og:url\" content=\"https:\/\/www.pspo.edu.pl\/przedszkole\/uroczyste-rozpoczecie-roku-szkolnego\/\" \/>\n<meta property=\"og:site_name\" content=\"MA\" \/>\n<meta property=\"article:published_time\" content=\"2024-08-22T13:27:51+00:00\" \/>\n<meta property=\"article:modified_time\" content=\"2024-08-22T13:29:19+00:00\" \/>\n<meta property=\"og:image\" content=\"https:\/\/www.pspo.edu.pl\/przedszkole\/wp-content\/uploads\/sites\/3\/2024\/08\/d392a5d7-695b-41d3-bc5b-a285682ea249.jpg\" \/>\n\t<meta property=\"og:image:width\" content=\"540\" \/>\n\t<meta property=\"og:image:height\" content=\"960\" \/>\n\t<meta property=\"og:image:type\" content=\"image\/jpeg\" \/>\n<meta name=\"author\" content=\"edytorma\" \/>\n<meta name=\"twitter:card\" content=\"summary_large_image\" \/>\n<meta name=\"twitter:label1\" content=\"Napisane przez\" \/>\n\t<meta name=\"twitter:data1\" content=\"edytorma\" \/>\n\t<meta name=\"twitter:label2\" content=\"Szacowany czas czytania\" \/>\n\t<meta name=\"twitter:data2\" content=\"1 minuta\" \/>\n<script type=\"application\/ld+json\" class=\"yoast-schema-graph\">{\"@context\":\"https:\\\/\\\/schema.org\",\"@graph\":[{\"@type\":\"Article\",\"@id\":\"https:\\\/\\\/www.pspo.edu.pl\\\/przedszkole\\\/uroczyste-rozpoczecie-roku-szkolnego\\\/#article\",\"isPartOf\":{\"@id\":\"https:\\\/\\\/www.pspo.edu.pl\\\/przedszkole\\\/uroczyste-rozpoczecie-roku-szkolnego\\\/\"},\"author\":{\"name\":\"edytorma\",\"@id\":\"https:\\\/\\\/www.pspo.edu.pl\\\/przedszkole\\\/#\\\/schema\\\/person\\\/10f465ffb4733bad0713d56609be6179\"},\"headline\":\"Uroczyste rozpocz\u0119cie roku szkolnego\",\"datePublished\":\"2024-08-22T13:27:51+00:00\",\"dateModified\":\"2024-08-22T13:29:19+00:00\",\"mainEntityOfPage\":{\"@id\":\"https:\\\/\\\/www.pspo.edu.pl\\\/przedszkole\\\/uroczyste-rozpoczecie-roku-szkolnego\\\/\"},\"wordCount\":51,\"image\":{\"@id\":\"https:\\\/\\\/www.pspo.edu.pl\\\/przedszkole\\\/uroczyste-rozpoczecie-roku-szkolnego\\\/#primaryimage\"},\"thumbnailUrl\":\"https:\\\/\\\/www.pspo.edu.pl\\\/przedszkole\\\/wp-content\\\/uploads\\\/sites\\\/3\\\/2024\\\/08\\\/d392a5d7-695b-41d3-bc5b-a285682ea249.jpg\",\"inLanguage\":\"pl-PL\"},{\"@type\":\"WebPage\",\"@id\":\"https:\\\/\\\/www.pspo.edu.pl\\\/przedszkole\\\/uroczyste-rozpoczecie-roku-szkolnego\\\/\",\"url\":\"https:\\\/\\\/www.pspo.edu.pl\\\/przedszkole\\\/uroczyste-rozpoczecie-roku-szkolnego\\\/\",\"name\":\"Uroczyste rozpocz\u0119cie roku szkolnego - MA\",\"isPartOf\":{\"@id\":\"https:\\\/\\\/www.pspo.edu.pl\\\/przedszkole\\\/#website\"},\"primaryImageOfPage\":{\"@id\":\"https:\\\/\\\/www.pspo.edu.pl\\\/przedszkole\\\/uroczyste-rozpoczecie-roku-szkolnego\\\/#primaryimage\"},\"image\":{\"@id\":\"https:\\\/\\\/www.pspo.edu.pl\\\/przedszkole\\\/uroczyste-rozpoczecie-roku-szkolnego\\\/#primaryimage\"},\"thumbnailUrl\":\"https:\\\/\\\/www.pspo.edu.pl\\\/przedszkole\\\/wp-content\\\/uploads\\\/sites\\\/3\\\/2024\\\/08\\\/d392a5d7-695b-41d3-bc5b-a285682ea249.jpg\",\"datePublished\":\"2024-08-22T13:27:51+00:00\",\"dateModified\":\"2024-08-22T13:29:19+00:00\",\"author\":{\"@id\":\"https:\\\/\\\/www.pspo.edu.pl\\\/przedszkole\\\/#\\\/schema\\\/person\\\/10f465ffb4733bad0713d56609be6179\"},\"breadcrumb\":{\"@id\":\"https:\\\/\\\/www.pspo.edu.pl\\\/przedszkole\\\/uroczyste-rozpoczecie-roku-szkolnego\\\/#breadcrumb\"},\"inLanguage\":\"pl-PL\",\"potentialAction\":[{\"@type\":\"ReadAction\",\"target\":[\"https:\\\/\\\/www.pspo.edu.pl\\\/przedszkole\\\/uroczyste-rozpoczecie-roku-szkolnego\\\/\"]}]},{\"@type\":\"ImageObject\",\"inLanguage\":\"pl-PL\",\"@id\":\"https:\\\/\\\/www.pspo.edu.pl\\\/przedszkole\\\/uroczyste-rozpoczecie-roku-szkolnego\\\/#primaryimage\",\"url\":\"https:\\\/\\\/www.pspo.edu.pl\\\/przedszkole\\\/wp-content\\\/uploads\\\/sites\\\/3\\\/2024\\\/08\\\/d392a5d7-695b-41d3-bc5b-a285682ea249.jpg\",\"contentUrl\":\"https:\\\/\\\/www.pspo.edu.pl\\\/przedszkole\\\/wp-content\\\/uploads\\\/sites\\\/3\\\/2024\\\/08\\\/d392a5d7-695b-41d3-bc5b-a285682ea249.jpg\",\"width\":540,\"height\":960},{\"@type\":\"BreadcrumbList\",\"@id\":\"https:\\\/\\\/www.pspo.edu.pl\\\/przedszkole\\\/uroczyste-rozpoczecie-roku-szkolnego\\\/#breadcrumb\",\"itemListElement\":[{\"@type\":\"ListItem\",\"position\":1,\"name\":\"Strona g\u0142\u00f3wna\",\"item\":\"https:\\\/\\\/www.pspo.edu.pl\\\/przedszkole\\\/\"},{\"@type\":\"ListItem\",\"position\":2,\"name\":\"Uroczyste rozpocz\u0119cie roku szkolnego\"}]},{\"@type\":\"WebSite\",\"@id\":\"https:\\\/\\\/www.pspo.edu.pl\\\/przedszkole\\\/#website\",\"url\":\"https:\\\/\\\/www.pspo.edu.pl\\\/przedszkole\\\/\",\"name\":\"MA\",\"description\":\"Niepubliczne Przedszkole Motylkowa Akademia\",\"potentialAction\":[{\"@type\":\"SearchAction\",\"target\":{\"@type\":\"EntryPoint\",\"urlTemplate\":\"https:\\\/\\\/www.pspo.edu.pl\\\/przedszkole\\\/?s={search_term_string}\"},\"query-input\":{\"@type\":\"PropertyValueSpecification\",\"valueRequired\":true,\"valueName\":\"search_term_string\"}}],\"inLanguage\":\"pl-PL\"},{\"@type\":\"Person\",\"@id\":\"https:\\\/\\\/www.pspo.edu.pl\\\/przedszkole\\\/#\\\/schema\\\/person\\\/10f465ffb4733bad0713d56609be6179\",\"name\":\"edytorma\",\"image\":{\"@type\":\"ImageObject\",\"inLanguage\":\"pl-PL\",\"@id\":\"https:\\\/\\\/www.pspo.edu.pl\\\/przedszkole\\\/wp-content\\\/litespeed\\\/avatar\\\/3\\\/e561d09e52c0d45383425530840cddee.jpg?ver=1777098809\",\"url\":\"https:\\\/\\\/www.pspo.edu.pl\\\/przedszkole\\\/wp-content\\\/litespeed\\\/avatar\\\/3\\\/e561d09e52c0d45383425530840cddee.jpg?ver=1777098809\",\"contentUrl\":\"https:\\\/\\\/www.pspo.edu.pl\\\/przedszkole\\\/wp-content\\\/litespeed\\\/avatar\\\/3\\\/e561d09e52c0d45383425530840cddee.jpg?ver=1777098809\",\"caption\":\"edytorma\"},\"url\":\"https:\\\/\\\/www.pspo.edu.pl\\\/przedszkole\\\/author\\\/edytorma\\\/\"}]}<\/script>\n<!-- \/ Yoast SEO plugin. -->","yoast_head_json":{"title":"Uroczyste rozpocz\u0119cie roku szkolnego - MA","robots":{"index":"index","follow":"follow","max-snippet":"max-snippet:-1","max-image-preview":"max-image-preview:large","max-video-preview":"max-video-preview:-1"},"canonical":"https:\/\/www.pspo.edu.pl\/przedszkole\/uroczyste-rozpoczecie-roku-szkolnego\/","og_locale":"pl_PL","og_type":"article","og_title":"Uroczyste rozpocz\u0119cie roku szkolnego - MA","og_description":"Drogie dzieci, Szanowni Rodzice! Serdecznie zapraszamy na uroczysto\u015b\u0107 rozpocz\u0119cia roku szkolnego 2024\/2025, kt\u00f3ra odb\u0119dzie si\u0119 2 wrze\u015bnia w Auli Schumana znajduj\u0105cej si\u0119 na terenie UKSW w budynku nr 21 \u2013 Auditorium Maximum. \u00a0Klasy 0-3 godz. 9.00, Po uroczysto\u015bci zapraszamy na spotkania z wychowawcami.","og_url":"https:\/\/www.pspo.edu.pl\/przedszkole\/uroczyste-rozpoczecie-roku-szkolnego\/","og_site_name":"MA","article_published_time":"2024-08-22T13:27:51+00:00","article_modified_time":"2024-08-22T13:29:19+00:00","og_image":[{"width":540,"height":960,"url":"https:\/\/www.pspo.edu.pl\/przedszkole\/wp-content\/uploads\/sites\/3\/2024\/08\/d392a5d7-695b-41d3-bc5b-a285682ea249.jpg","type":"image\/jpeg"}],"author":"edytorma","twitter_card":"summary_large_image","twitter_misc":{"Napisane przez":"edytorma","Szacowany czas czytania":"1 minuta"},"schema":{"@context":"https:\/\/schema.org","@graph":[{"@type":"Article","@id":"https:\/\/www.pspo.edu.pl\/przedszkole\/uroczyste-rozpoczecie-roku-szkolnego\/#article","isPartOf":{"@id":"https:\/\/www.pspo.edu.pl\/przedszkole\/uroczyste-rozpoczecie-roku-szkolnego\/"},"author":{"name":"edytorma","@id":"https:\/\/www.pspo.edu.pl\/przedszkole\/#\/schema\/person\/10f465ffb4733bad0713d56609be6179"},"headline":"Uroczyste rozpocz\u0119cie roku szkolnego","datePublished":"2024-08-22T13:27:51+00:00","dateModified":"2024-08-22T13:29:19+00:00","mainEntityOfPage":{"@id":"https:\/\/www.pspo.edu.pl\/przedszkole\/uroczyste-rozpoczecie-roku-szkolnego\/"},"wordCount":51,"image":{"@id":"https:\/\/www.pspo.edu.pl\/przedszkole\/uroczyste-rozpoczecie-roku-szkolnego\/#primaryimage"},"thumbnailUrl":"https:\/\/www.pspo.edu.pl\/przedszkole\/wp-content\/uploads\/sites\/3\/2024\/08\/d392a5d7-695b-41d3-bc5b-a285682ea249.jpg","inLanguage":"pl-PL"},{"@type":"WebPage","@id":"https:\/\/www.pspo.edu.pl\/przedszkole\/uroczyste-rozpoczecie-roku-szkolnego\/","url":"https:\/\/www.pspo.edu.pl\/przedszkole\/uroczyste-rozpoczecie-roku-szkolnego\/","name":"Uroczyste rozpocz\u0119cie roku szkolnego - MA","isPartOf":{"@id":"https:\/\/www.pspo.edu.pl\/przedszkole\/#website"},"primaryImageOfPage":{"@id":"https:\/\/www.pspo.edu.pl\/przedszkole\/uroczyste-rozpoczecie-roku-szkolnego\/#primaryimage"},"image":{"@id":"https:\/\/www.pspo.edu.pl\/przedszkole\/uroczyste-rozpoczecie-roku-szkolnego\/#primaryimage"},"thumbnailUrl":"https:\/\/www.pspo.edu.pl\/przedszkole\/wp-content\/uploads\/sites\/3\/2024\/08\/d392a5d7-695b-41d3-bc5b-a285682ea249.jpg","datePublished":"2024-08-22T13:27:51+00:00","dateModified":"2024-08-22T13:29:19+00:00","author":{"@id":"https:\/\/www.pspo.edu.pl\/przedszkole\/#\/schema\/person\/10f465ffb4733bad0713d56609be6179"},"breadcrumb":{"@id":"https:\/\/www.pspo.edu.pl\/przedszkole\/uroczyste-rozpoczecie-roku-szkolnego\/#breadcrumb"},"inLanguage":"pl-PL","potentialAction":[{"@type":"ReadAction","target":["https:\/\/www.pspo.edu.pl\/przedszkole\/uroczyste-rozpoczecie-roku-szkolnego\/"]}]},{"@type":"ImageObject","inLanguage":"pl-PL","@id":"https:\/\/www.pspo.edu.pl\/przedszkole\/uroczyste-rozpoczecie-roku-szkolnego\/#primaryimage","url":"https:\/\/www.pspo.edu.pl\/przedszkole\/wp-content\/uploads\/sites\/3\/2024\/08\/d392a5d7-695b-41d3-bc5b-a285682ea249.jpg","contentUrl":"https:\/\/www.pspo.edu.pl\/przedszkole\/wp-content\/uploads\/sites\/3\/2024\/08\/d392a5d7-695b-41d3-bc5b-a285682ea249.jpg","width":540,"height":960},{"@type":"BreadcrumbList","@id":"https:\/\/www.pspo.edu.pl\/przedszkole\/uroczyste-rozpoczecie-roku-szkolnego\/#breadcrumb","itemListElement":[{"@type":"ListItem","position":1,"name":"Strona g\u0142\u00f3wna","item":"https:\/\/www.pspo.edu.pl\/przedszkole\/"},{"@type":"ListItem","position":2,"name":"Uroczyste rozpocz\u0119cie roku szkolnego"}]},{"@type":"WebSite","@id":"https:\/\/www.pspo.edu.pl\/przedszkole\/#website","url":"https:\/\/www.pspo.edu.pl\/przedszkole\/","name":"MA","description":"Niepubliczne Przedszkole Motylkowa Akademia","potentialAction":[{"@type":"SearchAction","target":{"@type":"EntryPoint","urlTemplate":"https:\/\/www.pspo.edu.pl\/przedszkole\/?s={search_term_string}"},"query-input":{"@type":"PropertyValueSpecification","valueRequired":true,"valueName":"search_term_string"}}],"inLanguage":"pl-PL"},{"@type":"Person","@id":"https:\/\/www.pspo.edu.pl\/przedszkole\/#\/schema\/person\/10f465ffb4733bad0713d56609be6179","name":"edytorma","image":{"@type":"ImageObject","inLanguage":"pl-PL","@id":"https:\/\/www.pspo.edu.pl\/przedszkole\/wp-content\/litespeed\/avatar\/3\/e561d09e52c0d45383425530840cddee.jpg?ver=1777098809","url":"https:\/\/www.pspo.edu.pl\/przedszkole\/wp-content\/litespeed\/avatar\/3\/e561d09e52c0d45383425530840cddee.jpg?ver=1777098809","contentUrl":"https:\/\/www.pspo.edu.pl\/przedszkole\/wp-content\/litespeed\/avatar\/3\/e561d09e52c0d45383425530840cddee.jpg?ver=1777098809","caption":"edytorma"},"url":"https:\/\/www.pspo.edu.pl\/przedszkole\/author\/edytorma\/"}]}},"_links":{"self":[{"href":"https:\/\/www.pspo.edu.pl\/przedszkole\/wp-json\/wp\/v2\/posts\/1482","targetHints":{"allow":["GET"]}}],"collection":[{"href":"https:\/\/www.pspo.edu.pl\/przedszkole\/wp-json\/wp\/v2\/posts"}],"about":[{"href":"https:\/\/www.pspo.edu.pl\/przedszkole\/wp-json\/wp\/v2\/types\/post"}],"author":[{"embeddable":true,"href":"https:\/\/www.pspo.edu.pl\/przedszkole\/wp-json\/wp\/v2\/users\/12"}],"replies":[{"embeddable":true,"href":"https:\/\/www.pspo.edu.pl\/przedszkole\/wp-json\/wp\/v2\/comments?post=1482"}],"version-history":[{"count":3,"href":"https:\/\/www.pspo.edu.pl\/przedszkole\/wp-json\/wp\/v2\/posts\/1482\/revisions"}],"predecessor-version":[{"id":1486,"href":"https:\/\/www.pspo.edu.pl\/przedszkole\/wp-json\/wp\/v2\/posts\/1482\/revisions\/1486"}],"wp:featuredmedia":[{"embeddable":true,"href":"https:\/\/www.pspo.edu.pl\/przedszkole\/wp-json\/wp\/v2\/media\/1483"}],"wp:attachment":[{"href":"https:\/\/www.pspo.edu.pl\/przedszkole\/wp-json\/wp\/v2\/media?parent=1482"}],"wp:term":[{"taxonomy":"category","embeddable":true,"href":"https:\/\/www.pspo.edu.pl\/przedszkole\/wp-json\/wp\/v2\/categories?post=1482"},{"taxonomy":"post_tag","embeddable":true,"href":"https:\/\/www.pspo.edu.pl\/przedszkole\/wp-json\/wp\/v2\/tags?post=1482"}],"curies":[{"name":"wp","href":"https:\/\/api.w.org\/{rel}","templated":true}]}}