{"id":1604,"date":"2024-10-17T21:46:31","date_gmt":"2024-10-17T19:46:31","guid":{"rendered":"https:\/\/www.pspo.edu.pl\/przedszkole\/?p=1604"},"modified":"2024-10-24T21:55:39","modified_gmt":"2024-10-24T19:55:39","slug":"1604","status":"publish","type":"post","link":"https:\/\/www.pspo.edu.pl\/przedszkole\/1604\/","title":{"rendered":""},"content":{"rendered":"<p>&nbsp;<\/p>\n<p>Dnia 14 pa\u017adziernika w Motylkowej Akademii odby\u0142a si\u0119 wyj\u0105tkowa uroczysto\u015b\u0107 \u2013 <strong>Pasowanie na Przedszkolaka i Zer\u00f3wkowicza<\/strong>. To szczeg\u00f3lny dzie\u0144, kt\u00f3ry na d\u0142ugo pozostanie w pami\u0119ci dzieci oraz ich rodzic\u00f3w. By\u0142o to oficjalne wprowadzenie najm\u0142odszych uczni\u00f3w do spo\u0142eczno\u015bci przedszkolnej i zer\u00f3wkowej.<\/p>\n<p>Uroczysto\u015b\u0107 rozpocz\u0119\u0142a si\u0119 od kr\u00f3tkiej cz\u0119\u015bci artystycznej, przygotowanej przez dzieci. Najm\u0142odsi, ubrani od\u015bwi\u0119tnie, \u015bpiewali piosenki oraz przedstawili przygotowane uk\u0142ady taneczne. Wyst\u0119py by\u0142y pe\u0142ne u\u015bmiechu i rado\u015bci, a rodzice z dum\u0105 obserwowali swoje pociechy.<\/p>\n<p>Nast\u0119pnie odby\u0142a si\u0119 cz\u0119\u015b\u0107 g\u0142\u00f3wna \u2013 <strong>ceremonia pasowania<\/strong>. Pani Dyrektor oraz wychowawcy przedszkola pasowali dzieci symbolicznie, dotykaj\u0105c ich ramienia du\u017c\u0105, kolorow\u0105 kredk\u0105. Dzieci przysi\u0119ga\u0142y, \u017ce b\u0119d\u0105 grzeczne, kole\u017ce\u0144skie i b\u0119d\u0105 dba\u0107 o swoje zabawki oraz przestrzega\u0107 zasad obowi\u0105zuj\u0105cych w przedszkolu.<\/p>\n<p>Na zako\u0144czenie wszyscy mali uczestnicy otrzymali <strong>dyplomy<\/strong> oraz drobne upominki, kt\u00f3re b\u0119d\u0105 im przypomina\u0107 o tym wa\u017cnym dniu. Po oficjalnej cz\u0119\u015bci dzieci wraz z rodzicami mia\u0142y okazj\u0119 sp\u0119dzi\u0107 czas na s\u0142odkim pocz\u0119stunku przygotowanym specjalnie na t\u0119 okazj\u0119.<\/p>\n<p>Ca\u0142a uroczysto\u015b\u0107 przebieg\u0142a w radosnej i ciep\u0142ej atmosferze, pe\u0142nej u\u015bmiechu i wzrusze\u0144. Pasowanie na przedszkolaka i zer\u00f3wkowicza w Motylkowej Akademii to pi\u0119kna tradycja, kt\u00f3ra symbolizuje nowy etap w \u017cyciu najm\u0142odszych.<\/p>\n<p>&nbsp;<\/p>\n<p><a href=\"https:\/\/www.pspo.edu.pl\/przedszkole\/wp-content\/uploads\/sites\/3\/2024\/10\/pasowanie-0.jpg\"><img decoding=\"async\" class=\"aligncenter size-large wp-image-1605\" src=\"https:\/\/www.pspo.edu.pl\/przedszkole\/wp-content\/uploads\/sites\/3\/2024\/10\/pasowanie-0-768x1024.jpg\" alt=\"\" width=\"768\" height=\"1024\" srcset=\"https:\/\/www.pspo.edu.pl\/przedszkole\/wp-content\/uploads\/sites\/3\/2024\/10\/pasowanie-0-768x1024.jpg 768w, https:\/\/www.pspo.edu.pl\/przedszkole\/wp-content\/uploads\/sites\/3\/2024\/10\/pasowanie-0-225x300.jpg 225w, https:\/\/www.pspo.edu.pl\/przedszkole\/wp-content\/uploads\/sites\/3\/2024\/10\/pasowanie-0-1152x1536.jpg 1152w, https:\/\/www.pspo.edu.pl\/przedszkole\/wp-content\/uploads\/sites\/3\/2024\/10\/pasowanie-0.jpg 1200w\" sizes=\"(max-width: 768px) 100vw, 768px\" \/><\/a> <a href=\"https:\/\/www.pspo.edu.pl\/przedszkole\/wp-content\/uploads\/sites\/3\/2024\/10\/pasowanie-01.jpg\"><img decoding=\"async\" class=\"aligncenter size-large wp-image-1606\" src=\"https:\/\/www.pspo.edu.pl\/przedszkole\/wp-content\/uploads\/sites\/3\/2024\/10\/pasowanie-01-768x1024.jpg\" alt=\"\" width=\"768\" height=\"1024\" srcset=\"https:\/\/www.pspo.edu.pl\/przedszkole\/wp-content\/uploads\/sites\/3\/2024\/10\/pasowanie-01-768x1024.jpg 768w, https:\/\/www.pspo.edu.pl\/przedszkole\/wp-content\/uploads\/sites\/3\/2024\/10\/pasowanie-01-225x300.jpg 225w, https:\/\/www.pspo.edu.pl\/przedszkole\/wp-content\/uploads\/sites\/3\/2024\/10\/pasowanie-01-1152x1536.jpg 1152w, https:\/\/www.pspo.edu.pl\/przedszkole\/wp-content\/uploads\/sites\/3\/2024\/10\/pasowanie-01.jpg 1200w\" sizes=\"(max-width: 768px) 100vw, 768px\" \/><\/a> <a href=\"https:\/\/www.pspo.edu.pl\/przedszkole\/wp-content\/uploads\/sites\/3\/2024\/10\/pasowanie-1.jpg\"><img decoding=\"async\" class=\"aligncenter size-large wp-image-1607\" src=\"https:\/\/www.pspo.edu.pl\/przedszkole\/wp-content\/uploads\/sites\/3\/2024\/10\/pasowanie-1-1024x768.jpg\" alt=\"\" width=\"1024\" height=\"768\" srcset=\"https:\/\/www.pspo.edu.pl\/przedszkole\/wp-content\/uploads\/sites\/3\/2024\/10\/pasowanie-1-1024x768.jpg 1024w, https:\/\/www.pspo.edu.pl\/przedszkole\/wp-content\/uploads\/sites\/3\/2024\/10\/pasowanie-1-300x225.jpg 300w, https:\/\/www.pspo.edu.pl\/przedszkole\/wp-content\/uploads\/sites\/3\/2024\/10\/pasowanie-1-768x576.jpg 768w, https:\/\/www.pspo.edu.pl\/przedszkole\/wp-content\/uploads\/sites\/3\/2024\/10\/pasowanie-1-1536x1152.jpg 1536w, https:\/\/www.pspo.edu.pl\/przedszkole\/wp-content\/uploads\/sites\/3\/2024\/10\/pasowanie-1.jpg 1600w\" sizes=\"(max-width: 1024px) 100vw, 1024px\" \/><\/a> <a href=\"https:\/\/www.pspo.edu.pl\/przedszkole\/wp-content\/uploads\/sites\/3\/2024\/10\/pasowanie-02.jpg\"><img decoding=\"async\" class=\"aligncenter size-large wp-image-1608\" src=\"https:\/\/www.pspo.edu.pl\/przedszkole\/wp-content\/uploads\/sites\/3\/2024\/10\/pasowanie-02-768x1024.jpg\" alt=\"\" width=\"768\" height=\"1024\" srcset=\"https:\/\/www.pspo.edu.pl\/przedszkole\/wp-content\/uploads\/sites\/3\/2024\/10\/pasowanie-02-768x1024.jpg 768w, https:\/\/www.pspo.edu.pl\/przedszkole\/wp-content\/uploads\/sites\/3\/2024\/10\/pasowanie-02-225x300.jpg 225w, https:\/\/www.pspo.edu.pl\/przedszkole\/wp-content\/uploads\/sites\/3\/2024\/10\/pasowanie-02-1152x1536.jpg 1152w, https:\/\/www.pspo.edu.pl\/przedszkole\/wp-content\/uploads\/sites\/3\/2024\/10\/pasowanie-02.jpg 1200w\" sizes=\"(max-width: 768px) 100vw, 768px\" \/><\/a> <a href=\"https:\/\/www.pspo.edu.pl\/przedszkole\/wp-content\/uploads\/sites\/3\/2024\/10\/pasowanie-2.jpg\"><img decoding=\"async\" class=\"aligncenter size-large wp-image-1609\" src=\"https:\/\/www.pspo.edu.pl\/przedszkole\/wp-content\/uploads\/sites\/3\/2024\/10\/pasowanie-2-768x1024.jpg\" alt=\"\" width=\"768\" height=\"1024\" srcset=\"https:\/\/www.pspo.edu.pl\/przedszkole\/wp-content\/uploads\/sites\/3\/2024\/10\/pasowanie-2-768x1024.jpg 768w, https:\/\/www.pspo.edu.pl\/przedszkole\/wp-content\/uploads\/sites\/3\/2024\/10\/pasowanie-2-225x300.jpg 225w, https:\/\/www.pspo.edu.pl\/przedszkole\/wp-content\/uploads\/sites\/3\/2024\/10\/pasowanie-2-1152x1536.jpg 1152w, https:\/\/www.pspo.edu.pl\/przedszkole\/wp-content\/uploads\/sites\/3\/2024\/10\/pasowanie-2.jpg 1200w\" sizes=\"(max-width: 768px) 100vw, 768px\" \/><\/a> <a href=\"https:\/\/www.pspo.edu.pl\/przedszkole\/wp-content\/uploads\/sites\/3\/2024\/10\/pasowanie-3.jpg\"><img decoding=\"async\" class=\"aligncenter size-large wp-image-1610\" src=\"https:\/\/www.pspo.edu.pl\/przedszkole\/wp-content\/uploads\/sites\/3\/2024\/10\/pasowanie-3-1024x768.jpg\" alt=\"\" width=\"1024\" height=\"768\" srcset=\"https:\/\/www.pspo.edu.pl\/przedszkole\/wp-content\/uploads\/sites\/3\/2024\/10\/pasowanie-3-1024x768.jpg 1024w, https:\/\/www.pspo.edu.pl\/przedszkole\/wp-content\/uploads\/sites\/3\/2024\/10\/pasowanie-3-300x225.jpg 300w, https:\/\/www.pspo.edu.pl\/przedszkole\/wp-content\/uploads\/sites\/3\/2024\/10\/pasowanie-3-768x576.jpg 768w, https:\/\/www.pspo.edu.pl\/przedszkole\/wp-content\/uploads\/sites\/3\/2024\/10\/pasowanie-3-1536x1152.jpg 1536w, https:\/\/www.pspo.edu.pl\/przedszkole\/wp-content\/uploads\/sites\/3\/2024\/10\/pasowanie-3.jpg 1600w\" sizes=\"(max-width: 1024px) 100vw, 1024px\" \/><\/a> <a href=\"https:\/\/www.pspo.edu.pl\/przedszkole\/wp-content\/uploads\/sites\/3\/2024\/10\/pasowanie-4.jpg\"><img decoding=\"async\" class=\"aligncenter size-large wp-image-1611\" src=\"https:\/\/www.pspo.edu.pl\/przedszkole\/wp-content\/uploads\/sites\/3\/2024\/10\/pasowanie-4-1024x768.jpg\" alt=\"\" width=\"1024\" height=\"768\" srcset=\"https:\/\/www.pspo.edu.pl\/przedszkole\/wp-content\/uploads\/sites\/3\/2024\/10\/pasowanie-4-1024x768.jpg 1024w, https:\/\/www.pspo.edu.pl\/przedszkole\/wp-content\/uploads\/sites\/3\/2024\/10\/pasowanie-4-300x225.jpg 300w, https:\/\/www.pspo.edu.pl\/przedszkole\/wp-content\/uploads\/sites\/3\/2024\/10\/pasowanie-4-768x576.jpg 768w, https:\/\/www.pspo.edu.pl\/przedszkole\/wp-content\/uploads\/sites\/3\/2024\/10\/pasowanie-4-1536x1152.jpg 1536w, https:\/\/www.pspo.edu.pl\/przedszkole\/wp-content\/uploads\/sites\/3\/2024\/10\/pasowanie-4.jpg 1600w\" sizes=\"(max-width: 1024px) 100vw, 1024px\" \/><\/a> <a href=\"https:\/\/www.pspo.edu.pl\/przedszkole\/wp-content\/uploads\/sites\/3\/2024\/10\/pasowanie-5.jpg\"><img decoding=\"async\" class=\"aligncenter size-large wp-image-1612\" src=\"https:\/\/www.pspo.edu.pl\/przedszkole\/wp-content\/uploads\/sites\/3\/2024\/10\/pasowanie-5.jpg\" alt=\"\" width=\"540\" height=\"960\" srcset=\"https:\/\/www.pspo.edu.pl\/przedszkole\/wp-content\/uploads\/sites\/3\/2024\/10\/pasowanie-5.jpg 540w, https:\/\/www.pspo.edu.pl\/przedszkole\/wp-content\/uploads\/sites\/3\/2024\/10\/pasowanie-5-169x300.jpg 169w\" sizes=\"(max-width: 540px) 100vw, 540px\" \/><\/a> <a href=\"https:\/\/www.pspo.edu.pl\/przedszkole\/wp-content\/uploads\/sites\/3\/2024\/10\/pasowanie-6.jpg\"><img decoding=\"async\" class=\"aligncenter size-large wp-image-1613\" src=\"https:\/\/www.pspo.edu.pl\/przedszkole\/wp-content\/uploads\/sites\/3\/2024\/10\/pasowanie-6.jpg\" alt=\"\" width=\"960\" height=\"540\" srcset=\"https:\/\/www.pspo.edu.pl\/przedszkole\/wp-content\/uploads\/sites\/3\/2024\/10\/pasowanie-6.jpg 960w, https:\/\/www.pspo.edu.pl\/przedszkole\/wp-content\/uploads\/sites\/3\/2024\/10\/pasowanie-6-300x169.jpg 300w, https:\/\/www.pspo.edu.pl\/przedszkole\/wp-content\/uploads\/sites\/3\/2024\/10\/pasowanie-6-768x432.jpg 768w\" sizes=\"(max-width: 960px) 100vw, 960px\" \/><\/a> <a href=\"https:\/\/www.pspo.edu.pl\/przedszkole\/wp-content\/uploads\/sites\/3\/2024\/10\/pasowanie-7.jpg\"><img decoding=\"async\" class=\"aligncenter size-large wp-image-1614\" src=\"https:\/\/www.pspo.edu.pl\/przedszkole\/wp-content\/uploads\/sites\/3\/2024\/10\/pasowanie-7.jpg\" alt=\"\" width=\"540\" height=\"960\" srcset=\"https:\/\/www.pspo.edu.pl\/przedszkole\/wp-content\/uploads\/sites\/3\/2024\/10\/pasowanie-7.jpg 540w, https:\/\/www.pspo.edu.pl\/przedszkole\/wp-content\/uploads\/sites\/3\/2024\/10\/pasowanie-7-169x300.jpg 169w\" sizes=\"(max-width: 540px) 100vw, 540px\" \/><\/a> <a href=\"https:\/\/www.pspo.edu.pl\/przedszkole\/wp-content\/uploads\/sites\/3\/2024\/10\/pasowanie-8.jpg\"><img decoding=\"async\" class=\"aligncenter size-large wp-image-1615\" src=\"https:\/\/www.pspo.edu.pl\/przedszkole\/wp-content\/uploads\/sites\/3\/2024\/10\/pasowanie-8.jpg\" alt=\"\" width=\"960\" height=\"540\" srcset=\"https:\/\/www.pspo.edu.pl\/przedszkole\/wp-content\/uploads\/sites\/3\/2024\/10\/pasowanie-8.jpg 960w, https:\/\/www.pspo.edu.pl\/przedszkole\/wp-content\/uploads\/sites\/3\/2024\/10\/pasowanie-8-300x169.jpg 300w, https:\/\/www.pspo.edu.pl\/przedszkole\/wp-content\/uploads\/sites\/3\/2024\/10\/pasowanie-8-768x432.jpg 768w\" sizes=\"(max-width: 960px) 100vw, 960px\" \/><\/a> <a href=\"https:\/\/www.pspo.edu.pl\/przedszkole\/wp-content\/uploads\/sites\/3\/2024\/10\/pasowanie-9.jpg\"><img decoding=\"async\" class=\"aligncenter size-large wp-image-1616\" src=\"https:\/\/www.pspo.edu.pl\/przedszkole\/wp-content\/uploads\/sites\/3\/2024\/10\/pasowanie-9.jpg\" alt=\"\" width=\"540\" height=\"960\" srcset=\"https:\/\/www.pspo.edu.pl\/przedszkole\/wp-content\/uploads\/sites\/3\/2024\/10\/pasowanie-9.jpg 540w, https:\/\/www.pspo.edu.pl\/przedszkole\/wp-content\/uploads\/sites\/3\/2024\/10\/pasowanie-9-169x300.jpg 169w\" sizes=\"(max-width: 540px) 100vw, 540px\" \/><\/a> <a href=\"https:\/\/www.pspo.edu.pl\/przedszkole\/wp-content\/uploads\/sites\/3\/2024\/10\/pasowanie-10.jpg\"><img decoding=\"async\" class=\"aligncenter size-large wp-image-1617\" src=\"https:\/\/www.pspo.edu.pl\/przedszkole\/wp-content\/uploads\/sites\/3\/2024\/10\/pasowanie-10-1024x576.jpg\" alt=\"\" width=\"1024\" height=\"576\" srcset=\"https:\/\/www.pspo.edu.pl\/przedszkole\/wp-content\/uploads\/sites\/3\/2024\/10\/pasowanie-10-1024x576.jpg 1024w, https:\/\/www.pspo.edu.pl\/przedszkole\/wp-content\/uploads\/sites\/3\/2024\/10\/pasowanie-10-300x169.jpg 300w, https:\/\/www.pspo.edu.pl\/przedszkole\/wp-content\/uploads\/sites\/3\/2024\/10\/pasowanie-10-768x432.jpg 768w, https:\/\/www.pspo.edu.pl\/przedszkole\/wp-content\/uploads\/sites\/3\/2024\/10\/pasowanie-10-1536x864.jpg 1536w, https:\/\/www.pspo.edu.pl\/przedszkole\/wp-content\/uploads\/sites\/3\/2024\/10\/pasowanie-10.jpg 1600w\" sizes=\"(max-width: 1024px) 100vw, 1024px\" \/><\/a> <a href=\"https:\/\/www.pspo.edu.pl\/przedszkole\/wp-content\/uploads\/sites\/3\/2024\/10\/pasowanie-11.jpg\"><img decoding=\"async\" class=\"aligncenter size-large wp-image-1618\" src=\"https:\/\/www.pspo.edu.pl\/przedszkole\/wp-content\/uploads\/sites\/3\/2024\/10\/pasowanie-11-576x1024.jpg\" alt=\"\" width=\"576\" height=\"1024\" srcset=\"https:\/\/www.pspo.edu.pl\/przedszkole\/wp-content\/uploads\/sites\/3\/2024\/10\/pasowanie-11-576x1024.jpg 576w, https:\/\/www.pspo.edu.pl\/przedszkole\/wp-content\/uploads\/sites\/3\/2024\/10\/pasowanie-11-169x300.jpg 169w, https:\/\/www.pspo.edu.pl\/przedszkole\/wp-content\/uploads\/sites\/3\/2024\/10\/pasowanie-11-768x1365.jpg 768w, https:\/\/www.pspo.edu.pl\/przedszkole\/wp-content\/uploads\/sites\/3\/2024\/10\/pasowanie-11-864x1536.jpg 864w, https:\/\/www.pspo.edu.pl\/przedszkole\/wp-content\/uploads\/sites\/3\/2024\/10\/pasowanie-11.jpg 1152w\" sizes=\"(max-width: 576px) 100vw, 576px\" \/><\/a> <a href=\"https:\/\/www.pspo.edu.pl\/przedszkole\/wp-content\/uploads\/sites\/3\/2024\/10\/pasowanie-12.jpg\"><img decoding=\"async\" class=\"aligncenter size-large wp-image-1619\" src=\"https:\/\/www.pspo.edu.pl\/przedszkole\/wp-content\/uploads\/sites\/3\/2024\/10\/pasowanie-12-1024x576.jpg\" alt=\"\" width=\"1024\" height=\"576\" srcset=\"https:\/\/www.pspo.edu.pl\/przedszkole\/wp-content\/uploads\/sites\/3\/2024\/10\/pasowanie-12-1024x576.jpg 1024w, https:\/\/www.pspo.edu.pl\/przedszkole\/wp-content\/uploads\/sites\/3\/2024\/10\/pasowanie-12-300x169.jpg 300w, https:\/\/www.pspo.edu.pl\/przedszkole\/wp-content\/uploads\/sites\/3\/2024\/10\/pasowanie-12-768x432.jpg 768w, https:\/\/www.pspo.edu.pl\/przedszkole\/wp-content\/uploads\/sites\/3\/2024\/10\/pasowanie-12-1536x864.jpg 1536w, https:\/\/www.pspo.edu.pl\/przedszkole\/wp-content\/uploads\/sites\/3\/2024\/10\/pasowanie-12.jpg 1600w\" sizes=\"(max-width: 1024px) 100vw, 1024px\" \/><\/a> <a href=\"https:\/\/www.pspo.edu.pl\/przedszkole\/wp-content\/uploads\/sites\/3\/2024\/10\/pasowanie-13.jpg\"><img decoding=\"async\" class=\"aligncenter size-large wp-image-1620\" src=\"https:\/\/www.pspo.edu.pl\/przedszkole\/wp-content\/uploads\/sites\/3\/2024\/10\/pasowanie-13.jpg\" alt=\"\" width=\"960\" height=\"540\" srcset=\"https:\/\/www.pspo.edu.pl\/przedszkole\/wp-content\/uploads\/sites\/3\/2024\/10\/pasowanie-13.jpg 960w, https:\/\/www.pspo.edu.pl\/przedszkole\/wp-content\/uploads\/sites\/3\/2024\/10\/pasowanie-13-300x169.jpg 300w, https:\/\/www.pspo.edu.pl\/przedszkole\/wp-content\/uploads\/sites\/3\/2024\/10\/pasowanie-13-768x432.jpg 768w\" sizes=\"(max-width: 960px) 100vw, 960px\" \/><\/a><\/p>\n<!-- AddThis Advanced Settings generic via filter on the_content --><!-- AddThis Share Buttons generic via filter on the_content -->","protected":false},"excerpt":{"rendered":"<p>&nbsp; Dnia 14 pa\u017adziernika w Motylkowej Akademii odby\u0142a si\u0119 wyj\u0105tkowa uroczysto\u015b\u0107 \u2013 Pasowanie na Przedszkolaka i Zer\u00f3wkowicza. To szczeg\u00f3lny dzie\u0144, kt\u00f3ry na d\u0142ugo pozostanie w pami\u0119ci dzieci oraz ich rodzic\u00f3w. By\u0142o to oficjalne wprowadzenie najm\u0142odszych uczni\u00f3w do spo\u0142eczno\u015bci przedszkolnej i zer\u00f3wkowej. Uroczysto\u015b\u0107 rozpocz\u0119\u0142a si\u0119 od kr\u00f3tkiej cz\u0119\u015bci artystycznej, przygotowanej przez dzieci. Najm\u0142odsi, ubrani od\u015bwi\u0119tnie, \u015bpiewali &hellip;<!-- AddThis Advanced Settings generic via filter on get_the_excerpt --><!-- AddThis Share Buttons generic via filter on get_the_excerpt --><\/p>\n","protected":false},"author":12,"featured_media":1613,"comment_status":"closed","ping_status":"open","sticky":false,"template":"","format":"standard","meta":{"inline_featured_image":false,"ngg_post_thumbnail":0,"footnotes":""},"categories":[1],"tags":[],"class_list":["post-1604","post","type-post","status-publish","format-standard","has-post-thumbnail","hentry","category-bez-kategorii"],"yoast_head":"<!-- This site is optimized with the Yoast SEO plugin v27.4 - https:\/\/yoast.com\/product\/yoast-seo-wordpress\/ -->\n<title>- MA<\/title>\n<meta name=\"robots\" content=\"index, follow, max-snippet:-1, max-image-preview:large, max-video-preview:-1\" \/>\n<link rel=\"canonical\" href=\"https:\/\/www.pspo.edu.pl\/przedszkole\/1604\/\" \/>\n<meta property=\"og:locale\" content=\"pl_PL\" \/>\n<meta property=\"og:type\" content=\"article\" \/>\n<meta property=\"og:title\" content=\"- MA\" \/>\n<meta property=\"og:description\" content=\"&nbsp; Dnia 14 pa\u017adziernika w Motylkowej Akademii odby\u0142a si\u0119 wyj\u0105tkowa uroczysto\u015b\u0107 \u2013 Pasowanie na Przedszkolaka i Zer\u00f3wkowicza. To szczeg\u00f3lny dzie\u0144, kt\u00f3ry na d\u0142ugo pozostanie w pami\u0119ci dzieci oraz ich rodzic\u00f3w. By\u0142o to oficjalne wprowadzenie najm\u0142odszych uczni\u00f3w do spo\u0142eczno\u015bci przedszkolnej i zer\u00f3wkowej. Uroczysto\u015b\u0107 rozpocz\u0119\u0142a si\u0119 od kr\u00f3tkiej cz\u0119\u015bci artystycznej, przygotowanej przez dzieci. Najm\u0142odsi, ubrani od\u015bwi\u0119tnie, \u015bpiewali &hellip;\" \/>\n<meta property=\"og:url\" content=\"https:\/\/www.pspo.edu.pl\/przedszkole\/1604\/\" \/>\n<meta property=\"og:site_name\" content=\"MA\" \/>\n<meta property=\"article:published_time\" content=\"2024-10-17T19:46:31+00:00\" \/>\n<meta property=\"article:modified_time\" content=\"2024-10-24T19:55:39+00:00\" \/>\n<meta property=\"og:image\" content=\"https:\/\/www.pspo.edu.pl\/przedszkole\/wp-content\/uploads\/sites\/3\/2024\/10\/pasowanie-6.jpg\" \/>\n\t<meta property=\"og:image:width\" content=\"960\" \/>\n\t<meta property=\"og:image:height\" content=\"540\" \/>\n\t<meta property=\"og:image:type\" content=\"image\/jpeg\" \/>\n<meta name=\"author\" content=\"edytorma\" \/>\n<meta name=\"twitter:card\" content=\"summary_large_image\" \/>\n<meta name=\"twitter:label1\" content=\"Napisane przez\" \/>\n\t<meta name=\"twitter:data1\" content=\"edytorma\" \/>\n\t<meta name=\"twitter:label2\" content=\"Szacowany czas czytania\" \/>\n\t<meta name=\"twitter:data2\" content=\"5 minut\" \/>\n<script type=\"application\/ld+json\" class=\"yoast-schema-graph\">{\"@context\":\"https:\\\/\\\/schema.org\",\"@graph\":[{\"@type\":\"Article\",\"@id\":\"https:\\\/\\\/www.pspo.edu.pl\\\/przedszkole\\\/1604\\\/#article\",\"isPartOf\":{\"@id\":\"https:\\\/\\\/www.pspo.edu.pl\\\/przedszkole\\\/1604\\\/\"},\"author\":{\"name\":\"edytorma\",\"@id\":\"https:\\\/\\\/www.pspo.edu.pl\\\/przedszkole\\\/#\\\/schema\\\/person\\\/10f465ffb4733bad0713d56609be6179\"},\"headline\":\"Brak tytu\u0142u\",\"datePublished\":\"2024-10-17T19:46:31+00:00\",\"dateModified\":\"2024-10-24T19:55:39+00:00\",\"mainEntityOfPage\":{\"@id\":\"https:\\\/\\\/www.pspo.edu.pl\\\/przedszkole\\\/1604\\\/\"},\"wordCount\":236,\"image\":{\"@id\":\"https:\\\/\\\/www.pspo.edu.pl\\\/przedszkole\\\/1604\\\/#primaryimage\"},\"thumbnailUrl\":\"https:\\\/\\\/www.pspo.edu.pl\\\/przedszkole\\\/wp-content\\\/uploads\\\/sites\\\/3\\\/2024\\\/10\\\/pasowanie-6.jpg\",\"inLanguage\":\"pl-PL\"},{\"@type\":\"WebPage\",\"@id\":\"https:\\\/\\\/www.pspo.edu.pl\\\/przedszkole\\\/1604\\\/\",\"url\":\"https:\\\/\\\/www.pspo.edu.pl\\\/przedszkole\\\/1604\\\/\",\"name\":\"- MA\",\"isPartOf\":{\"@id\":\"https:\\\/\\\/www.pspo.edu.pl\\\/przedszkole\\\/#website\"},\"primaryImageOfPage\":{\"@id\":\"https:\\\/\\\/www.pspo.edu.pl\\\/przedszkole\\\/1604\\\/#primaryimage\"},\"image\":{\"@id\":\"https:\\\/\\\/www.pspo.edu.pl\\\/przedszkole\\\/1604\\\/#primaryimage\"},\"thumbnailUrl\":\"https:\\\/\\\/www.pspo.edu.pl\\\/przedszkole\\\/wp-content\\\/uploads\\\/sites\\\/3\\\/2024\\\/10\\\/pasowanie-6.jpg\",\"datePublished\":\"2024-10-17T19:46:31+00:00\",\"dateModified\":\"2024-10-24T19:55:39+00:00\",\"author\":{\"@id\":\"https:\\\/\\\/www.pspo.edu.pl\\\/przedszkole\\\/#\\\/schema\\\/person\\\/10f465ffb4733bad0713d56609be6179\"},\"inLanguage\":\"pl-PL\",\"potentialAction\":[{\"@type\":\"ReadAction\",\"target\":[\"https:\\\/\\\/www.pspo.edu.pl\\\/przedszkole\\\/1604\\\/\"]}]},{\"@type\":\"ImageObject\",\"inLanguage\":\"pl-PL\",\"@id\":\"https:\\\/\\\/www.pspo.edu.pl\\\/przedszkole\\\/1604\\\/#primaryimage\",\"url\":\"https:\\\/\\\/www.pspo.edu.pl\\\/przedszkole\\\/wp-content\\\/uploads\\\/sites\\\/3\\\/2024\\\/10\\\/pasowanie-6.jpg\",\"contentUrl\":\"https:\\\/\\\/www.pspo.edu.pl\\\/przedszkole\\\/wp-content\\\/uploads\\\/sites\\\/3\\\/2024\\\/10\\\/pasowanie-6.jpg\",\"width\":960,\"height\":540},{\"@type\":\"WebSite\",\"@id\":\"https:\\\/\\\/www.pspo.edu.pl\\\/przedszkole\\\/#website\",\"url\":\"https:\\\/\\\/www.pspo.edu.pl\\\/przedszkole\\\/\",\"name\":\"MA\",\"description\":\"Niepubliczne Przedszkole Motylkowa Akademia\",\"potentialAction\":[{\"@type\":\"SearchAction\",\"target\":{\"@type\":\"EntryPoint\",\"urlTemplate\":\"https:\\\/\\\/www.pspo.edu.pl\\\/przedszkole\\\/?s={search_term_string}\"},\"query-input\":{\"@type\":\"PropertyValueSpecification\",\"valueRequired\":true,\"valueName\":\"search_term_string\"}}],\"inLanguage\":\"pl-PL\"},{\"@type\":\"Person\",\"@id\":\"https:\\\/\\\/www.pspo.edu.pl\\\/przedszkole\\\/#\\\/schema\\\/person\\\/10f465ffb4733bad0713d56609be6179\",\"name\":\"edytorma\",\"image\":{\"@type\":\"ImageObject\",\"inLanguage\":\"pl-PL\",\"@id\":\"https:\\\/\\\/www.pspo.edu.pl\\\/przedszkole\\\/wp-content\\\/litespeed\\\/avatar\\\/3\\\/e561d09e52c0d45383425530840cddee.jpg?ver=1777098809\",\"url\":\"https:\\\/\\\/www.pspo.edu.pl\\\/przedszkole\\\/wp-content\\\/litespeed\\\/avatar\\\/3\\\/e561d09e52c0d45383425530840cddee.jpg?ver=1777098809\",\"contentUrl\":\"https:\\\/\\\/www.pspo.edu.pl\\\/przedszkole\\\/wp-content\\\/litespeed\\\/avatar\\\/3\\\/e561d09e52c0d45383425530840cddee.jpg?ver=1777098809\",\"caption\":\"edytorma\"},\"url\":\"https:\\\/\\\/www.pspo.edu.pl\\\/przedszkole\\\/author\\\/edytorma\\\/\"}]}<\/script>\n<!-- \/ Yoast SEO plugin. -->","yoast_head_json":{"title":"- MA","robots":{"index":"index","follow":"follow","max-snippet":"max-snippet:-1","max-image-preview":"max-image-preview:large","max-video-preview":"max-video-preview:-1"},"canonical":"https:\/\/www.pspo.edu.pl\/przedszkole\/1604\/","og_locale":"pl_PL","og_type":"article","og_title":"- MA","og_description":"&nbsp; Dnia 14 pa\u017adziernika w Motylkowej Akademii odby\u0142a si\u0119 wyj\u0105tkowa uroczysto\u015b\u0107 \u2013 Pasowanie na Przedszkolaka i Zer\u00f3wkowicza. To szczeg\u00f3lny dzie\u0144, kt\u00f3ry na d\u0142ugo pozostanie w pami\u0119ci dzieci oraz ich rodzic\u00f3w. By\u0142o to oficjalne wprowadzenie najm\u0142odszych uczni\u00f3w do spo\u0142eczno\u015bci przedszkolnej i zer\u00f3wkowej. Uroczysto\u015b\u0107 rozpocz\u0119\u0142a si\u0119 od kr\u00f3tkiej cz\u0119\u015bci artystycznej, przygotowanej przez dzieci. Najm\u0142odsi, ubrani od\u015bwi\u0119tnie, \u015bpiewali &hellip;","og_url":"https:\/\/www.pspo.edu.pl\/przedszkole\/1604\/","og_site_name":"MA","article_published_time":"2024-10-17T19:46:31+00:00","article_modified_time":"2024-10-24T19:55:39+00:00","og_image":[{"width":960,"height":540,"url":"https:\/\/www.pspo.edu.pl\/przedszkole\/wp-content\/uploads\/sites\/3\/2024\/10\/pasowanie-6.jpg","type":"image\/jpeg"}],"author":"edytorma","twitter_card":"summary_large_image","twitter_misc":{"Napisane przez":"edytorma","Szacowany czas czytania":"5 minut"},"schema":{"@context":"https:\/\/schema.org","@graph":[{"@type":"Article","@id":"https:\/\/www.pspo.edu.pl\/przedszkole\/1604\/#article","isPartOf":{"@id":"https:\/\/www.pspo.edu.pl\/przedszkole\/1604\/"},"author":{"name":"edytorma","@id":"https:\/\/www.pspo.edu.pl\/przedszkole\/#\/schema\/person\/10f465ffb4733bad0713d56609be6179"},"headline":"Brak tytu\u0142u","datePublished":"2024-10-17T19:46:31+00:00","dateModified":"2024-10-24T19:55:39+00:00","mainEntityOfPage":{"@id":"https:\/\/www.pspo.edu.pl\/przedszkole\/1604\/"},"wordCount":236,"image":{"@id":"https:\/\/www.pspo.edu.pl\/przedszkole\/1604\/#primaryimage"},"thumbnailUrl":"https:\/\/www.pspo.edu.pl\/przedszkole\/wp-content\/uploads\/sites\/3\/2024\/10\/pasowanie-6.jpg","inLanguage":"pl-PL"},{"@type":"WebPage","@id":"https:\/\/www.pspo.edu.pl\/przedszkole\/1604\/","url":"https:\/\/www.pspo.edu.pl\/przedszkole\/1604\/","name":"- MA","isPartOf":{"@id":"https:\/\/www.pspo.edu.pl\/przedszkole\/#website"},"primaryImageOfPage":{"@id":"https:\/\/www.pspo.edu.pl\/przedszkole\/1604\/#primaryimage"},"image":{"@id":"https:\/\/www.pspo.edu.pl\/przedszkole\/1604\/#primaryimage"},"thumbnailUrl":"https:\/\/www.pspo.edu.pl\/przedszkole\/wp-content\/uploads\/sites\/3\/2024\/10\/pasowanie-6.jpg","datePublished":"2024-10-17T19:46:31+00:00","dateModified":"2024-10-24T19:55:39+00:00","author":{"@id":"https:\/\/www.pspo.edu.pl\/przedszkole\/#\/schema\/person\/10f465ffb4733bad0713d56609be6179"},"inLanguage":"pl-PL","potentialAction":[{"@type":"ReadAction","target":["https:\/\/www.pspo.edu.pl\/przedszkole\/1604\/"]}]},{"@type":"ImageObject","inLanguage":"pl-PL","@id":"https:\/\/www.pspo.edu.pl\/przedszkole\/1604\/#primaryimage","url":"https:\/\/www.pspo.edu.pl\/przedszkole\/wp-content\/uploads\/sites\/3\/2024\/10\/pasowanie-6.jpg","contentUrl":"https:\/\/www.pspo.edu.pl\/przedszkole\/wp-content\/uploads\/sites\/3\/2024\/10\/pasowanie-6.jpg","width":960,"height":540},{"@type":"WebSite","@id":"https:\/\/www.pspo.edu.pl\/przedszkole\/#website","url":"https:\/\/www.pspo.edu.pl\/przedszkole\/","name":"MA","description":"Niepubliczne Przedszkole Motylkowa Akademia","potentialAction":[{"@type":"SearchAction","target":{"@type":"EntryPoint","urlTemplate":"https:\/\/www.pspo.edu.pl\/przedszkole\/?s={search_term_string}"},"query-input":{"@type":"PropertyValueSpecification","valueRequired":true,"valueName":"search_term_string"}}],"inLanguage":"pl-PL"},{"@type":"Person","@id":"https:\/\/www.pspo.edu.pl\/przedszkole\/#\/schema\/person\/10f465ffb4733bad0713d56609be6179","name":"edytorma","image":{"@type":"ImageObject","inLanguage":"pl-PL","@id":"https:\/\/www.pspo.edu.pl\/przedszkole\/wp-content\/litespeed\/avatar\/3\/e561d09e52c0d45383425530840cddee.jpg?ver=1777098809","url":"https:\/\/www.pspo.edu.pl\/przedszkole\/wp-content\/litespeed\/avatar\/3\/e561d09e52c0d45383425530840cddee.jpg?ver=1777098809","contentUrl":"https:\/\/www.pspo.edu.pl\/przedszkole\/wp-content\/litespeed\/avatar\/3\/e561d09e52c0d45383425530840cddee.jpg?ver=1777098809","caption":"edytorma"},"url":"https:\/\/www.pspo.edu.pl\/przedszkole\/author\/edytorma\/"}]}},"_links":{"self":[{"href":"https:\/\/www.pspo.edu.pl\/przedszkole\/wp-json\/wp\/v2\/posts\/1604","targetHints":{"allow":["GET"]}}],"collection":[{"href":"https:\/\/www.pspo.edu.pl\/przedszkole\/wp-json\/wp\/v2\/posts"}],"about":[{"href":"https:\/\/www.pspo.edu.pl\/przedszkole\/wp-json\/wp\/v2\/types\/post"}],"author":[{"embeddable":true,"href":"https:\/\/www.pspo.edu.pl\/przedszkole\/wp-json\/wp\/v2\/users\/12"}],"replies":[{"embeddable":true,"href":"https:\/\/www.pspo.edu.pl\/przedszkole\/wp-json\/wp\/v2\/comments?post=1604"}],"version-history":[{"count":1,"href":"https:\/\/www.pspo.edu.pl\/przedszkole\/wp-json\/wp\/v2\/posts\/1604\/revisions"}],"predecessor-version":[{"id":1621,"href":"https:\/\/www.pspo.edu.pl\/przedszkole\/wp-json\/wp\/v2\/posts\/1604\/revisions\/1621"}],"wp:featuredmedia":[{"embeddable":true,"href":"https:\/\/www.pspo.edu.pl\/przedszkole\/wp-json\/wp\/v2\/media\/1613"}],"wp:attachment":[{"href":"https:\/\/www.pspo.edu.pl\/przedszkole\/wp-json\/wp\/v2\/media?parent=1604"}],"wp:term":[{"taxonomy":"category","embeddable":true,"href":"https:\/\/www.pspo.edu.pl\/przedszkole\/wp-json\/wp\/v2\/categories?post=1604"},{"taxonomy":"post_tag","embeddable":true,"href":"https:\/\/www.pspo.edu.pl\/przedszkole\/wp-json\/wp\/v2\/tags?post=1604"}],"curies":[{"name":"wp","href":"https:\/\/api.w.org\/{rel}","templated":true}]}}