{"id":2278,"date":"2025-10-16T19:54:20","date_gmt":"2025-10-16T17:54:20","guid":{"rendered":"https:\/\/www.pspo.edu.pl\/przedszkole\/?p=2278"},"modified":"2025-10-26T20:34:17","modified_gmt":"2025-10-26T19:34:17","slug":"pasowanie-na-przedszkolaka-i-zerowkowicza","status":"publish","type":"post","link":"https:\/\/www.pspo.edu.pl\/przedszkole\/pasowanie-na-przedszkolaka-i-zerowkowicza\/","title":{"rendered":"Pasowanie na Przedszkolaka i Zer\u00f3wkowicza"},"content":{"rendered":"<p data-start=\"247\" data-end=\"455\">W Dniu Edukacji Narodowej w naszym przedszkolu odby\u0142a si\u0119 wyj\u0105tkowa uroczysto\u015b\u0107 \u2013 <em data-start=\"329\" data-end=\"372\">Pasowanie na Przedszkolaka i Zer\u00f3wkowicza<\/em>. To wa\u017cne wydarzenie w \u017cyciu ka\u017cdego dziecka, pe\u0142ne emocji, u\u015bmiechu i wzrusze\u0144.<\/p>\n<p data-start=\"457\" data-end=\"676\">Nasza Pani Dyrektor, przy pomocy du\u017cego, symbolicznego o\u0142\u00f3wka, pasowa\u0142a maluszki z najm\u0142odszej grupy na prawdziwych przedszkolak\u00f3w, a dzieci z grupy zer\u00f3wkowej \u2013 na uczni\u00f3w, kt\u00f3rzy stoj\u0105 ju\u017c u progu szkolnej przygody.<\/p>\n<p data-start=\"678\" data-end=\"852\">Nie zabrak\u0142o piosenek, wierszyk\u00f3w i pi\u0119knych wyst\u0119p\u00f3w, kt\u00f3re zachwyci\u0142y wszystkich obecnych. Na zako\u0144czenie ka\u017cdy przedszkolak otrzyma\u0142 pami\u0105tkowego misia.<\/p>\n<p data-start=\"854\" data-end=\"976\">To by\u0142 dzie\u0144 pe\u0142en rado\u015bci, dumy i wzrusze\u0144 \u2013 pierwszy wa\u017cny krok w edukacyjnej podr\u00f3\u017cy naszych wspania\u0142ych dzieci!<\/p>\n<p>&nbsp;<\/p>\n<p><a href=\"https:\/\/www.pspo.edu.pl\/przedszkole\/wp-content\/uploads\/sites\/3\/2025\/10\/1-2.jpg\"><img decoding=\"async\" class=\"aligncenter size-large wp-image-2279\" src=\"https:\/\/www.pspo.edu.pl\/przedszkole\/wp-content\/uploads\/sites\/3\/2025\/10\/1-2-576x1024.jpg\" alt=\"\" width=\"576\" height=\"1024\" srcset=\"https:\/\/www.pspo.edu.pl\/przedszkole\/wp-content\/uploads\/sites\/3\/2025\/10\/1-2-576x1024.jpg 576w, https:\/\/www.pspo.edu.pl\/przedszkole\/wp-content\/uploads\/sites\/3\/2025\/10\/1-2-169x300.jpg 169w, https:\/\/www.pspo.edu.pl\/przedszkole\/wp-content\/uploads\/sites\/3\/2025\/10\/1-2-768x1365.jpg 768w, https:\/\/www.pspo.edu.pl\/przedszkole\/wp-content\/uploads\/sites\/3\/2025\/10\/1-2-864x1536.jpg 864w, https:\/\/www.pspo.edu.pl\/przedszkole\/wp-content\/uploads\/sites\/3\/2025\/10\/1-2.jpg 900w\" sizes=\"(max-width: 576px) 100vw, 576px\" \/><\/a> <a href=\"https:\/\/www.pspo.edu.pl\/przedszkole\/wp-content\/uploads\/sites\/3\/2025\/10\/2-2.jpg\"><img decoding=\"async\" class=\"aligncenter size-large wp-image-2280\" src=\"https:\/\/www.pspo.edu.pl\/przedszkole\/wp-content\/uploads\/sites\/3\/2025\/10\/2-2-1024x768.jpg\" alt=\"\" width=\"1024\" height=\"768\" srcset=\"https:\/\/www.pspo.edu.pl\/przedszkole\/wp-content\/uploads\/sites\/3\/2025\/10\/2-2-1024x768.jpg 1024w, https:\/\/www.pspo.edu.pl\/przedszkole\/wp-content\/uploads\/sites\/3\/2025\/10\/2-2-300x225.jpg 300w, https:\/\/www.pspo.edu.pl\/przedszkole\/wp-content\/uploads\/sites\/3\/2025\/10\/2-2-768x576.jpg 768w, https:\/\/www.pspo.edu.pl\/przedszkole\/wp-content\/uploads\/sites\/3\/2025\/10\/2-2-1536x1152.jpg 1536w, https:\/\/www.pspo.edu.pl\/przedszkole\/wp-content\/uploads\/sites\/3\/2025\/10\/2-2.jpg 1600w\" sizes=\"(max-width: 1024px) 100vw, 1024px\" \/><\/a> <a href=\"https:\/\/www.pspo.edu.pl\/przedszkole\/wp-content\/uploads\/sites\/3\/2025\/10\/3-2.jpg\"><img decoding=\"async\" class=\"aligncenter size-large wp-image-2281\" src=\"https:\/\/www.pspo.edu.pl\/przedszkole\/wp-content\/uploads\/sites\/3\/2025\/10\/3-2.jpg\" alt=\"\" width=\"960\" height=\"720\" srcset=\"https:\/\/www.pspo.edu.pl\/przedszkole\/wp-content\/uploads\/sites\/3\/2025\/10\/3-2.jpg 960w, https:\/\/www.pspo.edu.pl\/przedszkole\/wp-content\/uploads\/sites\/3\/2025\/10\/3-2-300x225.jpg 300w, https:\/\/www.pspo.edu.pl\/przedszkole\/wp-content\/uploads\/sites\/3\/2025\/10\/3-2-768x576.jpg 768w\" sizes=\"(max-width: 960px) 100vw, 960px\" \/><\/a> <a href=\"https:\/\/www.pspo.edu.pl\/przedszkole\/wp-content\/uploads\/sites\/3\/2025\/10\/4-2.jpg\"><img decoding=\"async\" class=\"aligncenter size-large wp-image-2282\" src=\"https:\/\/www.pspo.edu.pl\/przedszkole\/wp-content\/uploads\/sites\/3\/2025\/10\/4-2-576x1024.jpg\" alt=\"\" width=\"576\" height=\"1024\" srcset=\"https:\/\/www.pspo.edu.pl\/przedszkole\/wp-content\/uploads\/sites\/3\/2025\/10\/4-2-576x1024.jpg 576w, https:\/\/www.pspo.edu.pl\/przedszkole\/wp-content\/uploads\/sites\/3\/2025\/10\/4-2-169x300.jpg 169w, https:\/\/www.pspo.edu.pl\/przedszkole\/wp-content\/uploads\/sites\/3\/2025\/10\/4-2-768x1365.jpg 768w, https:\/\/www.pspo.edu.pl\/przedszkole\/wp-content\/uploads\/sites\/3\/2025\/10\/4-2-864x1536.jpg 864w, https:\/\/www.pspo.edu.pl\/przedszkole\/wp-content\/uploads\/sites\/3\/2025\/10\/4-2.jpg 900w\" sizes=\"(max-width: 576px) 100vw, 576px\" \/><\/a> <a href=\"https:\/\/www.pspo.edu.pl\/przedszkole\/wp-content\/uploads\/sites\/3\/2025\/10\/5-2.jpg\"><img decoding=\"async\" class=\"aligncenter size-large wp-image-2283\" src=\"https:\/\/www.pspo.edu.pl\/przedszkole\/wp-content\/uploads\/sites\/3\/2025\/10\/5-2-576x1024.jpg\" alt=\"\" width=\"576\" height=\"1024\" srcset=\"https:\/\/www.pspo.edu.pl\/przedszkole\/wp-content\/uploads\/sites\/3\/2025\/10\/5-2-576x1024.jpg 576w, https:\/\/www.pspo.edu.pl\/przedszkole\/wp-content\/uploads\/sites\/3\/2025\/10\/5-2-169x300.jpg 169w, https:\/\/www.pspo.edu.pl\/przedszkole\/wp-content\/uploads\/sites\/3\/2025\/10\/5-2-768x1365.jpg 768w, https:\/\/www.pspo.edu.pl\/przedszkole\/wp-content\/uploads\/sites\/3\/2025\/10\/5-2-864x1536.jpg 864w, https:\/\/www.pspo.edu.pl\/przedszkole\/wp-content\/uploads\/sites\/3\/2025\/10\/5-2.jpg 900w\" sizes=\"(max-width: 576px) 100vw, 576px\" \/><\/a> <a href=\"https:\/\/www.pspo.edu.pl\/przedszkole\/wp-content\/uploads\/sites\/3\/2025\/10\/6-2.jpg\"><img decoding=\"async\" class=\"aligncenter size-large wp-image-2284\" src=\"https:\/\/www.pspo.edu.pl\/przedszkole\/wp-content\/uploads\/sites\/3\/2025\/10\/6-2-768x1024.jpg\" alt=\"\" width=\"768\" height=\"1024\" srcset=\"https:\/\/www.pspo.edu.pl\/przedszkole\/wp-content\/uploads\/sites\/3\/2025\/10\/6-2-768x1024.jpg 768w, https:\/\/www.pspo.edu.pl\/przedszkole\/wp-content\/uploads\/sites\/3\/2025\/10\/6-2-225x300.jpg 225w, https:\/\/www.pspo.edu.pl\/przedszkole\/wp-content\/uploads\/sites\/3\/2025\/10\/6-2-1152x1536.jpg 1152w, https:\/\/www.pspo.edu.pl\/przedszkole\/wp-content\/uploads\/sites\/3\/2025\/10\/6-2.jpg 1200w\" sizes=\"(max-width: 768px) 100vw, 768px\" \/><\/a> <a href=\"https:\/\/www.pspo.edu.pl\/przedszkole\/wp-content\/uploads\/sites\/3\/2025\/10\/7-1.jpg\"><img decoding=\"async\" class=\"aligncenter size-large wp-image-2285\" src=\"https:\/\/www.pspo.edu.pl\/przedszkole\/wp-content\/uploads\/sites\/3\/2025\/10\/7-1-768x1024.jpg\" alt=\"\" width=\"768\" height=\"1024\" srcset=\"https:\/\/www.pspo.edu.pl\/przedszkole\/wp-content\/uploads\/sites\/3\/2025\/10\/7-1-768x1024.jpg 768w, https:\/\/www.pspo.edu.pl\/przedszkole\/wp-content\/uploads\/sites\/3\/2025\/10\/7-1-225x300.jpg 225w, https:\/\/www.pspo.edu.pl\/przedszkole\/wp-content\/uploads\/sites\/3\/2025\/10\/7-1-1152x1536.jpg 1152w, https:\/\/www.pspo.edu.pl\/przedszkole\/wp-content\/uploads\/sites\/3\/2025\/10\/7-1.jpg 1200w\" sizes=\"(max-width: 768px) 100vw, 768px\" \/><\/a> <a href=\"https:\/\/www.pspo.edu.pl\/przedszkole\/wp-content\/uploads\/sites\/3\/2025\/10\/8-2.jpg\"><img decoding=\"async\" class=\"aligncenter size-large wp-image-2286\" src=\"https:\/\/www.pspo.edu.pl\/przedszkole\/wp-content\/uploads\/sites\/3\/2025\/10\/8-2-768x1024.jpg\" alt=\"\" width=\"768\" height=\"1024\" srcset=\"https:\/\/www.pspo.edu.pl\/przedszkole\/wp-content\/uploads\/sites\/3\/2025\/10\/8-2-768x1024.jpg 768w, https:\/\/www.pspo.edu.pl\/przedszkole\/wp-content\/uploads\/sites\/3\/2025\/10\/8-2-225x300.jpg 225w, https:\/\/www.pspo.edu.pl\/przedszkole\/wp-content\/uploads\/sites\/3\/2025\/10\/8-2-1152x1536.jpg 1152w, https:\/\/www.pspo.edu.pl\/przedszkole\/wp-content\/uploads\/sites\/3\/2025\/10\/8-2.jpg 1200w\" sizes=\"(max-width: 768px) 100vw, 768px\" \/><\/a> <a href=\"https:\/\/www.pspo.edu.pl\/przedszkole\/wp-content\/uploads\/sites\/3\/2025\/10\/9-2.jpg\"><img decoding=\"async\" class=\"aligncenter size-large wp-image-2287\" src=\"https:\/\/www.pspo.edu.pl\/przedszkole\/wp-content\/uploads\/sites\/3\/2025\/10\/9-2-768x1024.jpg\" alt=\"\" width=\"768\" height=\"1024\" srcset=\"https:\/\/www.pspo.edu.pl\/przedszkole\/wp-content\/uploads\/sites\/3\/2025\/10\/9-2-768x1024.jpg 768w, https:\/\/www.pspo.edu.pl\/przedszkole\/wp-content\/uploads\/sites\/3\/2025\/10\/9-2-225x300.jpg 225w, https:\/\/www.pspo.edu.pl\/przedszkole\/wp-content\/uploads\/sites\/3\/2025\/10\/9-2-1152x1536.jpg 1152w, https:\/\/www.pspo.edu.pl\/przedszkole\/wp-content\/uploads\/sites\/3\/2025\/10\/9-2.jpg 1536w\" sizes=\"(max-width: 768px) 100vw, 768px\" \/><\/a> <a href=\"https:\/\/www.pspo.edu.pl\/przedszkole\/wp-content\/uploads\/sites\/3\/2025\/10\/10-2.jpg\"><img decoding=\"async\" class=\"aligncenter size-large wp-image-2288\" src=\"https:\/\/www.pspo.edu.pl\/przedszkole\/wp-content\/uploads\/sites\/3\/2025\/10\/10-2-768x1024.jpg\" alt=\"\" width=\"768\" height=\"1024\" srcset=\"https:\/\/www.pspo.edu.pl\/przedszkole\/wp-content\/uploads\/sites\/3\/2025\/10\/10-2-768x1024.jpg 768w, https:\/\/www.pspo.edu.pl\/przedszkole\/wp-content\/uploads\/sites\/3\/2025\/10\/10-2-225x300.jpg 225w, https:\/\/www.pspo.edu.pl\/przedszkole\/wp-content\/uploads\/sites\/3\/2025\/10\/10-2-1152x1536.jpg 1152w, https:\/\/www.pspo.edu.pl\/przedszkole\/wp-content\/uploads\/sites\/3\/2025\/10\/10-2.jpg 1200w\" sizes=\"(max-width: 768px) 100vw, 768px\" \/><\/a> <a href=\"https:\/\/www.pspo.edu.pl\/przedszkole\/wp-content\/uploads\/sites\/3\/2025\/10\/11-2.jpg\"><img decoding=\"async\" class=\"aligncenter size-large wp-image-2289\" src=\"https:\/\/www.pspo.edu.pl\/przedszkole\/wp-content\/uploads\/sites\/3\/2025\/10\/11-2-768x1024.jpg\" alt=\"\" width=\"768\" height=\"1024\" srcset=\"https:\/\/www.pspo.edu.pl\/przedszkole\/wp-content\/uploads\/sites\/3\/2025\/10\/11-2-768x1024.jpg 768w, https:\/\/www.pspo.edu.pl\/przedszkole\/wp-content\/uploads\/sites\/3\/2025\/10\/11-2-225x300.jpg 225w, https:\/\/www.pspo.edu.pl\/przedszkole\/wp-content\/uploads\/sites\/3\/2025\/10\/11-2-1152x1536.jpg 1152w, https:\/\/www.pspo.edu.pl\/przedszkole\/wp-content\/uploads\/sites\/3\/2025\/10\/11-2.jpg 1200w\" sizes=\"(max-width: 768px) 100vw, 768px\" \/><\/a> <a href=\"https:\/\/www.pspo.edu.pl\/przedszkole\/wp-content\/uploads\/sites\/3\/2025\/10\/12-2.jpg\"><img decoding=\"async\" class=\"aligncenter size-large wp-image-2290\" src=\"https:\/\/www.pspo.edu.pl\/przedszkole\/wp-content\/uploads\/sites\/3\/2025\/10\/12-2-768x1024.jpg\" alt=\"\" width=\"768\" height=\"1024\" srcset=\"https:\/\/www.pspo.edu.pl\/przedszkole\/wp-content\/uploads\/sites\/3\/2025\/10\/12-2-768x1024.jpg 768w, https:\/\/www.pspo.edu.pl\/przedszkole\/wp-content\/uploads\/sites\/3\/2025\/10\/12-2-225x300.jpg 225w, https:\/\/www.pspo.edu.pl\/przedszkole\/wp-content\/uploads\/sites\/3\/2025\/10\/12-2-1152x1536.jpg 1152w, https:\/\/www.pspo.edu.pl\/przedszkole\/wp-content\/uploads\/sites\/3\/2025\/10\/12-2.jpg 1500w\" sizes=\"(max-width: 768px) 100vw, 768px\" \/><\/a> <a href=\"https:\/\/www.pspo.edu.pl\/przedszkole\/wp-content\/uploads\/sites\/3\/2025\/10\/13-2.jpg\"><img decoding=\"async\" class=\"aligncenter size-large wp-image-2291\" src=\"https:\/\/www.pspo.edu.pl\/przedszkole\/wp-content\/uploads\/sites\/3\/2025\/10\/13-2-1024x768.jpg\" alt=\"\" width=\"1024\" height=\"768\" srcset=\"https:\/\/www.pspo.edu.pl\/przedszkole\/wp-content\/uploads\/sites\/3\/2025\/10\/13-2-1024x768.jpg 1024w, https:\/\/www.pspo.edu.pl\/przedszkole\/wp-content\/uploads\/sites\/3\/2025\/10\/13-2-300x225.jpg 300w, https:\/\/www.pspo.edu.pl\/przedszkole\/wp-content\/uploads\/sites\/3\/2025\/10\/13-2-768x576.jpg 768w, https:\/\/www.pspo.edu.pl\/przedszkole\/wp-content\/uploads\/sites\/3\/2025\/10\/13-2-1536x1152.jpg 1536w, https:\/\/www.pspo.edu.pl\/przedszkole\/wp-content\/uploads\/sites\/3\/2025\/10\/13-2.jpg 1600w\" sizes=\"(max-width: 1024px) 100vw, 1024px\" \/><\/a> <a href=\"https:\/\/www.pspo.edu.pl\/przedszkole\/wp-content\/uploads\/sites\/3\/2025\/10\/14-2.jpg\"><img decoding=\"async\" class=\"aligncenter size-large wp-image-2292\" src=\"https:\/\/www.pspo.edu.pl\/przedszkole\/wp-content\/uploads\/sites\/3\/2025\/10\/14-2-1024x768.jpg\" alt=\"\" width=\"1024\" height=\"768\" srcset=\"https:\/\/www.pspo.edu.pl\/przedszkole\/wp-content\/uploads\/sites\/3\/2025\/10\/14-2-1024x768.jpg 1024w, https:\/\/www.pspo.edu.pl\/przedszkole\/wp-content\/uploads\/sites\/3\/2025\/10\/14-2-300x225.jpg 300w, https:\/\/www.pspo.edu.pl\/przedszkole\/wp-content\/uploads\/sites\/3\/2025\/10\/14-2-768x576.jpg 768w, https:\/\/www.pspo.edu.pl\/przedszkole\/wp-content\/uploads\/sites\/3\/2025\/10\/14-2-1536x1152.jpg 1536w, https:\/\/www.pspo.edu.pl\/przedszkole\/wp-content\/uploads\/sites\/3\/2025\/10\/14-2.jpg 1600w\" sizes=\"(max-width: 1024px) 100vw, 1024px\" \/><\/a> <a href=\"https:\/\/www.pspo.edu.pl\/przedszkole\/wp-content\/uploads\/sites\/3\/2025\/10\/Zdjecie-WhatsApp-2025-10-26-o-20.06.43_22fe1b16.jpg\"><img decoding=\"async\" class=\"aligncenter size-large wp-image-2293\" src=\"https:\/\/www.pspo.edu.pl\/przedszkole\/wp-content\/uploads\/sites\/3\/2025\/10\/Zdjecie-WhatsApp-2025-10-26-o-20.06.43_22fe1b16-768x1024.jpg\" alt=\"\" width=\"768\" height=\"1024\" srcset=\"https:\/\/www.pspo.edu.pl\/przedszkole\/wp-content\/uploads\/sites\/3\/2025\/10\/Zdjecie-WhatsApp-2025-10-26-o-20.06.43_22fe1b16-768x1024.jpg 768w, https:\/\/www.pspo.edu.pl\/przedszkole\/wp-content\/uploads\/sites\/3\/2025\/10\/Zdjecie-WhatsApp-2025-10-26-o-20.06.43_22fe1b16-225x300.jpg 225w, https:\/\/www.pspo.edu.pl\/przedszkole\/wp-content\/uploads\/sites\/3\/2025\/10\/Zdjecie-WhatsApp-2025-10-26-o-20.06.43_22fe1b16-1152x1536.jpg 1152w, https:\/\/www.pspo.edu.pl\/przedszkole\/wp-content\/uploads\/sites\/3\/2025\/10\/Zdjecie-WhatsApp-2025-10-26-o-20.06.43_22fe1b16.jpg 1200w\" sizes=\"(max-width: 768px) 100vw, 768px\" \/><\/a> <a href=\"https:\/\/www.pspo.edu.pl\/przedszkole\/wp-content\/uploads\/sites\/3\/2025\/10\/Zdjecie-WhatsApp-2025-10-26-o-20.06.43_041c812a.jpg\"><img decoding=\"async\" class=\"aligncenter size-large wp-image-2294\" src=\"https:\/\/www.pspo.edu.pl\/przedszkole\/wp-content\/uploads\/sites\/3\/2025\/10\/Zdjecie-WhatsApp-2025-10-26-o-20.06.43_041c812a-768x1024.jpg\" alt=\"\" width=\"768\" height=\"1024\" srcset=\"https:\/\/www.pspo.edu.pl\/przedszkole\/wp-content\/uploads\/sites\/3\/2025\/10\/Zdjecie-WhatsApp-2025-10-26-o-20.06.43_041c812a-768x1024.jpg 768w, https:\/\/www.pspo.edu.pl\/przedszkole\/wp-content\/uploads\/sites\/3\/2025\/10\/Zdjecie-WhatsApp-2025-10-26-o-20.06.43_041c812a-225x300.jpg 225w, https:\/\/www.pspo.edu.pl\/przedszkole\/wp-content\/uploads\/sites\/3\/2025\/10\/Zdjecie-WhatsApp-2025-10-26-o-20.06.43_041c812a-1152x1536.jpg 1152w, https:\/\/www.pspo.edu.pl\/przedszkole\/wp-content\/uploads\/sites\/3\/2025\/10\/Zdjecie-WhatsApp-2025-10-26-o-20.06.43_041c812a.jpg 1200w\" sizes=\"(max-width: 768px) 100vw, 768px\" \/><\/a> <a href=\"https:\/\/www.pspo.edu.pl\/przedszkole\/wp-content\/uploads\/sites\/3\/2025\/10\/Zdjecie-WhatsApp-2025-10-26-o-20.06.44_7a77f2ce.jpg\"><img decoding=\"async\" class=\"aligncenter size-large wp-image-2295\" src=\"https:\/\/www.pspo.edu.pl\/przedszkole\/wp-content\/uploads\/sites\/3\/2025\/10\/Zdjecie-WhatsApp-2025-10-26-o-20.06.44_7a77f2ce-1024x768.jpg\" alt=\"\" width=\"1024\" height=\"768\" srcset=\"https:\/\/www.pspo.edu.pl\/przedszkole\/wp-content\/uploads\/sites\/3\/2025\/10\/Zdjecie-WhatsApp-2025-10-26-o-20.06.44_7a77f2ce-1024x768.jpg 1024w, https:\/\/www.pspo.edu.pl\/przedszkole\/wp-content\/uploads\/sites\/3\/2025\/10\/Zdjecie-WhatsApp-2025-10-26-o-20.06.44_7a77f2ce-300x225.jpg 300w, https:\/\/www.pspo.edu.pl\/przedszkole\/wp-content\/uploads\/sites\/3\/2025\/10\/Zdjecie-WhatsApp-2025-10-26-o-20.06.44_7a77f2ce-768x576.jpg 768w, https:\/\/www.pspo.edu.pl\/przedszkole\/wp-content\/uploads\/sites\/3\/2025\/10\/Zdjecie-WhatsApp-2025-10-26-o-20.06.44_7a77f2ce-1536x1152.jpg 1536w, https:\/\/www.pspo.edu.pl\/przedszkole\/wp-content\/uploads\/sites\/3\/2025\/10\/Zdjecie-WhatsApp-2025-10-26-o-20.06.44_7a77f2ce.jpg 1600w\" sizes=\"(max-width: 1024px) 100vw, 1024px\" \/><\/a><\/p>\n<!-- AddThis Advanced Settings generic via filter on the_content --><!-- AddThis Share Buttons generic via filter on the_content -->","protected":false},"excerpt":{"rendered":"<p>W Dniu Edukacji Narodowej w naszym przedszkolu odby\u0142a si\u0119 wyj\u0105tkowa uroczysto\u015b\u0107 \u2013 Pasowanie na Przedszkolaka i Zer\u00f3wkowicza. To wa\u017cne wydarzenie w \u017cyciu ka\u017cdego dziecka, pe\u0142ne emocji, u\u015bmiechu i wzrusze\u0144. Nasza Pani Dyrektor, przy pomocy du\u017cego, symbolicznego o\u0142\u00f3wka, pasowa\u0142a maluszki z najm\u0142odszej grupy na prawdziwych przedszkolak\u00f3w, a dzieci z grupy zer\u00f3wkowej \u2013 na uczni\u00f3w, kt\u00f3rzy stoj\u0105 &hellip;<!-- AddThis Advanced Settings generic via filter on get_the_excerpt --><!-- AddThis Share Buttons generic via filter on get_the_excerpt --><\/p>\n","protected":false},"author":12,"featured_media":2291,"comment_status":"closed","ping_status":"open","sticky":false,"template":"","format":"standard","meta":{"inline_featured_image":false,"ngg_post_thumbnail":0,"footnotes":""},"categories":[1],"tags":[],"class_list":["post-2278","post","type-post","status-publish","format-standard","has-post-thumbnail","hentry","category-bez-kategorii"],"yoast_head":"<!-- This site is optimized with the Yoast SEO plugin v27.4 - https:\/\/yoast.com\/product\/yoast-seo-wordpress\/ -->\n<title>Pasowanie na Przedszkolaka i Zer\u00f3wkowicza - MA<\/title>\n<meta name=\"robots\" content=\"index, follow, max-snippet:-1, max-image-preview:large, max-video-preview:-1\" \/>\n<link rel=\"canonical\" href=\"https:\/\/www.pspo.edu.pl\/przedszkole\/pasowanie-na-przedszkolaka-i-zerowkowicza\/\" \/>\n<meta property=\"og:locale\" content=\"pl_PL\" \/>\n<meta property=\"og:type\" content=\"article\" \/>\n<meta property=\"og:title\" content=\"Pasowanie na Przedszkolaka i Zer\u00f3wkowicza - MA\" \/>\n<meta property=\"og:description\" content=\"W Dniu Edukacji Narodowej w naszym przedszkolu odby\u0142a si\u0119 wyj\u0105tkowa uroczysto\u015b\u0107 \u2013 Pasowanie na Przedszkolaka i Zer\u00f3wkowicza. To wa\u017cne wydarzenie w \u017cyciu ka\u017cdego dziecka, pe\u0142ne emocji, u\u015bmiechu i wzrusze\u0144. Nasza Pani Dyrektor, przy pomocy du\u017cego, symbolicznego o\u0142\u00f3wka, pasowa\u0142a maluszki z najm\u0142odszej grupy na prawdziwych przedszkolak\u00f3w, a dzieci z grupy zer\u00f3wkowej \u2013 na uczni\u00f3w, kt\u00f3rzy stoj\u0105 &hellip;\" \/>\n<meta property=\"og:url\" content=\"https:\/\/www.pspo.edu.pl\/przedszkole\/pasowanie-na-przedszkolaka-i-zerowkowicza\/\" \/>\n<meta property=\"og:site_name\" content=\"MA\" \/>\n<meta property=\"article:published_time\" content=\"2025-10-16T17:54:20+00:00\" \/>\n<meta property=\"article:modified_time\" content=\"2025-10-26T19:34:17+00:00\" \/>\n<meta property=\"og:image\" content=\"https:\/\/www.pspo.edu.pl\/przedszkole\/wp-content\/uploads\/sites\/3\/2025\/10\/13-2.jpg\" \/>\n\t<meta property=\"og:image:width\" content=\"1600\" \/>\n\t<meta property=\"og:image:height\" content=\"1200\" \/>\n\t<meta property=\"og:image:type\" content=\"image\/jpeg\" \/>\n<meta name=\"author\" content=\"edytorma\" \/>\n<meta name=\"twitter:card\" content=\"summary_large_image\" \/>\n<meta name=\"twitter:label1\" content=\"Napisane przez\" \/>\n\t<meta name=\"twitter:data1\" content=\"edytorma\" \/>\n\t<meta name=\"twitter:label2\" content=\"Szacowany czas czytania\" \/>\n\t<meta name=\"twitter:data2\" content=\"5 minut\" \/>\n<script type=\"application\/ld+json\" class=\"yoast-schema-graph\">{\"@context\":\"https:\\\/\\\/schema.org\",\"@graph\":[{\"@type\":\"Article\",\"@id\":\"https:\\\/\\\/www.pspo.edu.pl\\\/przedszkole\\\/pasowanie-na-przedszkolaka-i-zerowkowicza\\\/#article\",\"isPartOf\":{\"@id\":\"https:\\\/\\\/www.pspo.edu.pl\\\/przedszkole\\\/pasowanie-na-przedszkolaka-i-zerowkowicza\\\/\"},\"author\":{\"name\":\"edytorma\",\"@id\":\"https:\\\/\\\/www.pspo.edu.pl\\\/przedszkole\\\/#\\\/schema\\\/person\\\/10f465ffb4733bad0713d56609be6179\"},\"headline\":\"Pasowanie na Przedszkolaka i Zer\u00f3wkowicza\",\"datePublished\":\"2025-10-16T17:54:20+00:00\",\"dateModified\":\"2025-10-26T19:34:17+00:00\",\"mainEntityOfPage\":{\"@id\":\"https:\\\/\\\/www.pspo.edu.pl\\\/przedszkole\\\/pasowanie-na-przedszkolaka-i-zerowkowicza\\\/\"},\"wordCount\":130,\"image\":{\"@id\":\"https:\\\/\\\/www.pspo.edu.pl\\\/przedszkole\\\/pasowanie-na-przedszkolaka-i-zerowkowicza\\\/#primaryimage\"},\"thumbnailUrl\":\"https:\\\/\\\/www.pspo.edu.pl\\\/przedszkole\\\/wp-content\\\/uploads\\\/sites\\\/3\\\/2025\\\/10\\\/13-2.jpg\",\"inLanguage\":\"pl-PL\"},{\"@type\":\"WebPage\",\"@id\":\"https:\\\/\\\/www.pspo.edu.pl\\\/przedszkole\\\/pasowanie-na-przedszkolaka-i-zerowkowicza\\\/\",\"url\":\"https:\\\/\\\/www.pspo.edu.pl\\\/przedszkole\\\/pasowanie-na-przedszkolaka-i-zerowkowicza\\\/\",\"name\":\"Pasowanie na Przedszkolaka i Zer\u00f3wkowicza - MA\",\"isPartOf\":{\"@id\":\"https:\\\/\\\/www.pspo.edu.pl\\\/przedszkole\\\/#website\"},\"primaryImageOfPage\":{\"@id\":\"https:\\\/\\\/www.pspo.edu.pl\\\/przedszkole\\\/pasowanie-na-przedszkolaka-i-zerowkowicza\\\/#primaryimage\"},\"image\":{\"@id\":\"https:\\\/\\\/www.pspo.edu.pl\\\/przedszkole\\\/pasowanie-na-przedszkolaka-i-zerowkowicza\\\/#primaryimage\"},\"thumbnailUrl\":\"https:\\\/\\\/www.pspo.edu.pl\\\/przedszkole\\\/wp-content\\\/uploads\\\/sites\\\/3\\\/2025\\\/10\\\/13-2.jpg\",\"datePublished\":\"2025-10-16T17:54:20+00:00\",\"dateModified\":\"2025-10-26T19:34:17+00:00\",\"author\":{\"@id\":\"https:\\\/\\\/www.pspo.edu.pl\\\/przedszkole\\\/#\\\/schema\\\/person\\\/10f465ffb4733bad0713d56609be6179\"},\"breadcrumb\":{\"@id\":\"https:\\\/\\\/www.pspo.edu.pl\\\/przedszkole\\\/pasowanie-na-przedszkolaka-i-zerowkowicza\\\/#breadcrumb\"},\"inLanguage\":\"pl-PL\",\"potentialAction\":[{\"@type\":\"ReadAction\",\"target\":[\"https:\\\/\\\/www.pspo.edu.pl\\\/przedszkole\\\/pasowanie-na-przedszkolaka-i-zerowkowicza\\\/\"]}]},{\"@type\":\"ImageObject\",\"inLanguage\":\"pl-PL\",\"@id\":\"https:\\\/\\\/www.pspo.edu.pl\\\/przedszkole\\\/pasowanie-na-przedszkolaka-i-zerowkowicza\\\/#primaryimage\",\"url\":\"https:\\\/\\\/www.pspo.edu.pl\\\/przedszkole\\\/wp-content\\\/uploads\\\/sites\\\/3\\\/2025\\\/10\\\/13-2.jpg\",\"contentUrl\":\"https:\\\/\\\/www.pspo.edu.pl\\\/przedszkole\\\/wp-content\\\/uploads\\\/sites\\\/3\\\/2025\\\/10\\\/13-2.jpg\",\"width\":1600,\"height\":1200},{\"@type\":\"BreadcrumbList\",\"@id\":\"https:\\\/\\\/www.pspo.edu.pl\\\/przedszkole\\\/pasowanie-na-przedszkolaka-i-zerowkowicza\\\/#breadcrumb\",\"itemListElement\":[{\"@type\":\"ListItem\",\"position\":1,\"name\":\"Strona g\u0142\u00f3wna\",\"item\":\"https:\\\/\\\/www.pspo.edu.pl\\\/przedszkole\\\/\"},{\"@type\":\"ListItem\",\"position\":2,\"name\":\"Pasowanie na Przedszkolaka i Zer\u00f3wkowicza\"}]},{\"@type\":\"WebSite\",\"@id\":\"https:\\\/\\\/www.pspo.edu.pl\\\/przedszkole\\\/#website\",\"url\":\"https:\\\/\\\/www.pspo.edu.pl\\\/przedszkole\\\/\",\"name\":\"MA\",\"description\":\"Niepubliczne Przedszkole Motylkowa Akademia\",\"potentialAction\":[{\"@type\":\"SearchAction\",\"target\":{\"@type\":\"EntryPoint\",\"urlTemplate\":\"https:\\\/\\\/www.pspo.edu.pl\\\/przedszkole\\\/?s={search_term_string}\"},\"query-input\":{\"@type\":\"PropertyValueSpecification\",\"valueRequired\":true,\"valueName\":\"search_term_string\"}}],\"inLanguage\":\"pl-PL\"},{\"@type\":\"Person\",\"@id\":\"https:\\\/\\\/www.pspo.edu.pl\\\/przedszkole\\\/#\\\/schema\\\/person\\\/10f465ffb4733bad0713d56609be6179\",\"name\":\"edytorma\",\"image\":{\"@type\":\"ImageObject\",\"inLanguage\":\"pl-PL\",\"@id\":\"https:\\\/\\\/www.pspo.edu.pl\\\/przedszkole\\\/wp-content\\\/litespeed\\\/avatar\\\/3\\\/e561d09e52c0d45383425530840cddee.jpg?ver=1777098809\",\"url\":\"https:\\\/\\\/www.pspo.edu.pl\\\/przedszkole\\\/wp-content\\\/litespeed\\\/avatar\\\/3\\\/e561d09e52c0d45383425530840cddee.jpg?ver=1777098809\",\"contentUrl\":\"https:\\\/\\\/www.pspo.edu.pl\\\/przedszkole\\\/wp-content\\\/litespeed\\\/avatar\\\/3\\\/e561d09e52c0d45383425530840cddee.jpg?ver=1777098809\",\"caption\":\"edytorma\"},\"url\":\"https:\\\/\\\/www.pspo.edu.pl\\\/przedszkole\\\/author\\\/edytorma\\\/\"}]}<\/script>\n<!-- \/ Yoast SEO plugin. -->","yoast_head_json":{"title":"Pasowanie na Przedszkolaka i Zer\u00f3wkowicza - MA","robots":{"index":"index","follow":"follow","max-snippet":"max-snippet:-1","max-image-preview":"max-image-preview:large","max-video-preview":"max-video-preview:-1"},"canonical":"https:\/\/www.pspo.edu.pl\/przedszkole\/pasowanie-na-przedszkolaka-i-zerowkowicza\/","og_locale":"pl_PL","og_type":"article","og_title":"Pasowanie na Przedszkolaka i Zer\u00f3wkowicza - MA","og_description":"W Dniu Edukacji Narodowej w naszym przedszkolu odby\u0142a si\u0119 wyj\u0105tkowa uroczysto\u015b\u0107 \u2013 Pasowanie na Przedszkolaka i Zer\u00f3wkowicza. To wa\u017cne wydarzenie w \u017cyciu ka\u017cdego dziecka, pe\u0142ne emocji, u\u015bmiechu i wzrusze\u0144. Nasza Pani Dyrektor, przy pomocy du\u017cego, symbolicznego o\u0142\u00f3wka, pasowa\u0142a maluszki z najm\u0142odszej grupy na prawdziwych przedszkolak\u00f3w, a dzieci z grupy zer\u00f3wkowej \u2013 na uczni\u00f3w, kt\u00f3rzy stoj\u0105 &hellip;","og_url":"https:\/\/www.pspo.edu.pl\/przedszkole\/pasowanie-na-przedszkolaka-i-zerowkowicza\/","og_site_name":"MA","article_published_time":"2025-10-16T17:54:20+00:00","article_modified_time":"2025-10-26T19:34:17+00:00","og_image":[{"width":1600,"height":1200,"url":"https:\/\/www.pspo.edu.pl\/przedszkole\/wp-content\/uploads\/sites\/3\/2025\/10\/13-2.jpg","type":"image\/jpeg"}],"author":"edytorma","twitter_card":"summary_large_image","twitter_misc":{"Napisane przez":"edytorma","Szacowany czas czytania":"5 minut"},"schema":{"@context":"https:\/\/schema.org","@graph":[{"@type":"Article","@id":"https:\/\/www.pspo.edu.pl\/przedszkole\/pasowanie-na-przedszkolaka-i-zerowkowicza\/#article","isPartOf":{"@id":"https:\/\/www.pspo.edu.pl\/przedszkole\/pasowanie-na-przedszkolaka-i-zerowkowicza\/"},"author":{"name":"edytorma","@id":"https:\/\/www.pspo.edu.pl\/przedszkole\/#\/schema\/person\/10f465ffb4733bad0713d56609be6179"},"headline":"Pasowanie na Przedszkolaka i Zer\u00f3wkowicza","datePublished":"2025-10-16T17:54:20+00:00","dateModified":"2025-10-26T19:34:17+00:00","mainEntityOfPage":{"@id":"https:\/\/www.pspo.edu.pl\/przedszkole\/pasowanie-na-przedszkolaka-i-zerowkowicza\/"},"wordCount":130,"image":{"@id":"https:\/\/www.pspo.edu.pl\/przedszkole\/pasowanie-na-przedszkolaka-i-zerowkowicza\/#primaryimage"},"thumbnailUrl":"https:\/\/www.pspo.edu.pl\/przedszkole\/wp-content\/uploads\/sites\/3\/2025\/10\/13-2.jpg","inLanguage":"pl-PL"},{"@type":"WebPage","@id":"https:\/\/www.pspo.edu.pl\/przedszkole\/pasowanie-na-przedszkolaka-i-zerowkowicza\/","url":"https:\/\/www.pspo.edu.pl\/przedszkole\/pasowanie-na-przedszkolaka-i-zerowkowicza\/","name":"Pasowanie na Przedszkolaka i Zer\u00f3wkowicza - MA","isPartOf":{"@id":"https:\/\/www.pspo.edu.pl\/przedszkole\/#website"},"primaryImageOfPage":{"@id":"https:\/\/www.pspo.edu.pl\/przedszkole\/pasowanie-na-przedszkolaka-i-zerowkowicza\/#primaryimage"},"image":{"@id":"https:\/\/www.pspo.edu.pl\/przedszkole\/pasowanie-na-przedszkolaka-i-zerowkowicza\/#primaryimage"},"thumbnailUrl":"https:\/\/www.pspo.edu.pl\/przedszkole\/wp-content\/uploads\/sites\/3\/2025\/10\/13-2.jpg","datePublished":"2025-10-16T17:54:20+00:00","dateModified":"2025-10-26T19:34:17+00:00","author":{"@id":"https:\/\/www.pspo.edu.pl\/przedszkole\/#\/schema\/person\/10f465ffb4733bad0713d56609be6179"},"breadcrumb":{"@id":"https:\/\/www.pspo.edu.pl\/przedszkole\/pasowanie-na-przedszkolaka-i-zerowkowicza\/#breadcrumb"},"inLanguage":"pl-PL","potentialAction":[{"@type":"ReadAction","target":["https:\/\/www.pspo.edu.pl\/przedszkole\/pasowanie-na-przedszkolaka-i-zerowkowicza\/"]}]},{"@type":"ImageObject","inLanguage":"pl-PL","@id":"https:\/\/www.pspo.edu.pl\/przedszkole\/pasowanie-na-przedszkolaka-i-zerowkowicza\/#primaryimage","url":"https:\/\/www.pspo.edu.pl\/przedszkole\/wp-content\/uploads\/sites\/3\/2025\/10\/13-2.jpg","contentUrl":"https:\/\/www.pspo.edu.pl\/przedszkole\/wp-content\/uploads\/sites\/3\/2025\/10\/13-2.jpg","width":1600,"height":1200},{"@type":"BreadcrumbList","@id":"https:\/\/www.pspo.edu.pl\/przedszkole\/pasowanie-na-przedszkolaka-i-zerowkowicza\/#breadcrumb","itemListElement":[{"@type":"ListItem","position":1,"name":"Strona g\u0142\u00f3wna","item":"https:\/\/www.pspo.edu.pl\/przedszkole\/"},{"@type":"ListItem","position":2,"name":"Pasowanie na Przedszkolaka i Zer\u00f3wkowicza"}]},{"@type":"WebSite","@id":"https:\/\/www.pspo.edu.pl\/przedszkole\/#website","url":"https:\/\/www.pspo.edu.pl\/przedszkole\/","name":"MA","description":"Niepubliczne Przedszkole Motylkowa Akademia","potentialAction":[{"@type":"SearchAction","target":{"@type":"EntryPoint","urlTemplate":"https:\/\/www.pspo.edu.pl\/przedszkole\/?s={search_term_string}"},"query-input":{"@type":"PropertyValueSpecification","valueRequired":true,"valueName":"search_term_string"}}],"inLanguage":"pl-PL"},{"@type":"Person","@id":"https:\/\/www.pspo.edu.pl\/przedszkole\/#\/schema\/person\/10f465ffb4733bad0713d56609be6179","name":"edytorma","image":{"@type":"ImageObject","inLanguage":"pl-PL","@id":"https:\/\/www.pspo.edu.pl\/przedszkole\/wp-content\/litespeed\/avatar\/3\/e561d09e52c0d45383425530840cddee.jpg?ver=1777098809","url":"https:\/\/www.pspo.edu.pl\/przedszkole\/wp-content\/litespeed\/avatar\/3\/e561d09e52c0d45383425530840cddee.jpg?ver=1777098809","contentUrl":"https:\/\/www.pspo.edu.pl\/przedszkole\/wp-content\/litespeed\/avatar\/3\/e561d09e52c0d45383425530840cddee.jpg?ver=1777098809","caption":"edytorma"},"url":"https:\/\/www.pspo.edu.pl\/przedszkole\/author\/edytorma\/"}]}},"_links":{"self":[{"href":"https:\/\/www.pspo.edu.pl\/przedszkole\/wp-json\/wp\/v2\/posts\/2278","targetHints":{"allow":["GET"]}}],"collection":[{"href":"https:\/\/www.pspo.edu.pl\/przedszkole\/wp-json\/wp\/v2\/posts"}],"about":[{"href":"https:\/\/www.pspo.edu.pl\/przedszkole\/wp-json\/wp\/v2\/types\/post"}],"author":[{"embeddable":true,"href":"https:\/\/www.pspo.edu.pl\/przedszkole\/wp-json\/wp\/v2\/users\/12"}],"replies":[{"embeddable":true,"href":"https:\/\/www.pspo.edu.pl\/przedszkole\/wp-json\/wp\/v2\/comments?post=2278"}],"version-history":[{"count":1,"href":"https:\/\/www.pspo.edu.pl\/przedszkole\/wp-json\/wp\/v2\/posts\/2278\/revisions"}],"predecessor-version":[{"id":2296,"href":"https:\/\/www.pspo.edu.pl\/przedszkole\/wp-json\/wp\/v2\/posts\/2278\/revisions\/2296"}],"wp:featuredmedia":[{"embeddable":true,"href":"https:\/\/www.pspo.edu.pl\/przedszkole\/wp-json\/wp\/v2\/media\/2291"}],"wp:attachment":[{"href":"https:\/\/www.pspo.edu.pl\/przedszkole\/wp-json\/wp\/v2\/media?parent=2278"}],"wp:term":[{"taxonomy":"category","embeddable":true,"href":"https:\/\/www.pspo.edu.pl\/przedszkole\/wp-json\/wp\/v2\/categories?post=2278"},{"taxonomy":"post_tag","embeddable":true,"href":"https:\/\/www.pspo.edu.pl\/przedszkole\/wp-json\/wp\/v2\/tags?post=2278"}],"curies":[{"name":"wp","href":"https:\/\/api.w.org\/{rel}","templated":true}]}}